{"id":241078,"date":"2025-12-10T11:15:48","date_gmt":"2025-12-10T10:15:48","guid":{"rendered":"https:\/\/aikido-ychoux.com\/?p=241078"},"modified":"2025-12-10T11:15:48","modified_gmt":"2025-12-10T10:15:48","slug":"une-saison-tournee-vers-le-renouveau","status":"publish","type":"post","link":"https:\/\/aikido-ychoux.com\/index.php\/2025\/12\/10\/une-saison-tournee-vers-le-renouveau\/","title":{"rendered":"Une saison tourn\u00e9e vers le renouveau !\u00a0"},"content":{"rendered":"<p>La saison est d\u00e9j\u00e0 bien entam\u00e9e et les f\u00eates de fin d\u2019ann\u00e9e approchent \u00e0 grand pas.<\/p>\n<p>Le sapin est d\u00e9j\u00e0 pr\u00eat, le calendrier de l\u2019avent se vide petit \u00e0 petit, nous allons bient\u00f4t profiter des gens que l\u2019on aime !<\/p>\n<p>Ce d\u00e9but de saison est marqu\u00e9 par un changement notable pour le club. En effet, nous avons d\u00e9cid\u00e9 de rejoindre l\u2019UFOLEP au sein de laquelle nous avons pu cr\u00e9er et mettre en place un groupe autonome reconnu par l\u2019A\u00efkika\u00ef sous la direction technique de Luis Antunes Shihan que nous remercions chaleureusement.<\/p>\n<p>&nbsp;<\/p>\n<p>Je vous invite vivement \u00e0 d\u00e9couvrir notre projet ! l&rsquo;Association Atlantique A\u00efkido A\u00efkika\u00ef<\/p>\n<p style=\"text-align: center\"><a href=\"https:\/\/atlantique-aikido.com\/\">https:\/\/atlantique-aikido.com\/<\/a><\/p>\n<p><a href=\"https:\/\/atlantique-aikido.com\/\"><img loading=\"lazy\" decoding=\"async\" class=\"size-medium wp-image-241082 aligncenter\" src=\"https:\/\/aikido-ychoux.com\/wp-content\/uploads\/2025\/12\/PHOTO-2025-12-10-10-53-21-300x222.jpg\" alt=\"\" width=\"300\" height=\"222\" \/><\/a><\/p>\n<p>Au programme ? <a href=\"https:\/\/atlantique-aikido.com\/event-directory\/\">https:\/\/atlantique-aikido.com\/event-directory\/<\/a><\/p>\n<p>Des rencontres ! Du Partage ! De la bonne humeur ! Et je n\u2019en doute pas, beaucoup de travail et de sueur sur les tatamis !<span class=\"Apple-converted-space\">\u00a0<\/span><\/p>\n<p>Rejoignez-nous !!! <a href=\"https:\/\/atlantique-aikido.com\/nous-rejoindre\/\">https:\/\/atlantique-aikido.com\/nous-rejoindre\/<\/a><\/p>\n<p>Plus localement, les interclubs et cours en commun avec les copains d\u2019Arcachon, La Teste-de-Buch, Le Teich, Biscarrosse, Parentis-en-Born et Mimizan ont d\u00e9but\u00e9.<span class=\"Apple-converted-space\">\u00a0<\/span><\/p>\n<p>Adultes comme enfants se sont d\u00e9j\u00e0 retrouv\u00e9s \u00e0 plusieurs reprises<span class=\"Apple-converted-space\">\u00a0<\/span><\/p>\n<p>C\u2019est toujours un plaisir de se voir et de partager nos pratiques comme les moments conviviaux.<\/p>\n<p><img loading=\"lazy\" decoding=\"async\" class=\"alignnone size-medium wp-image-241058 aligncenter\" src=\"https:\/\/aikido-ychoux.com\/wp-content\/uploads\/2025\/12\/IMG_5877-300x225.jpeg\" alt=\"\" width=\"300\" height=\"225\" \/><\/p>\n<p>&nbsp;<\/p>\n<p>C\u00f4t\u00e9 club enfin, l\u2019\u00e9v\u00e9nement de l\u2019ann\u00e9e 2026 se r\u00e9pare dans le plus grand secret\u2026<\/p>\n<p>!!! SPOILER ALERT !!! Le dojo municipal d&rsquo;Ychoux f\u00eate ses 25 ans en janvier prochain !<\/p>\n<p>A cette occasion nous invitons celles et ceux qui souhaitent \u00e0 participer au stage organis\u00e9 le 10 Janvier dans notre club\u2026<\/p>\n<p>A\u00efkido et festivit\u00e9s de Kagami Biraki c\u00e9l\u00e8breront le lieu qui abrite notre pratique.<\/p>\n<p style=\"text-align: center\"><img loading=\"lazy\" decoding=\"async\" class=\"alignnone size-medium wp-image-241075\" src=\"https:\/\/aikido-ychoux.com\/wp-content\/uploads\/2025\/12\/1-240x300.png\" alt=\"\" width=\"240\" height=\"300\" \/> <img loading=\"lazy\" decoding=\"async\" class=\"alignnone size-medium wp-image-241076\" src=\"https:\/\/aikido-ychoux.com\/wp-content\/uploads\/2025\/12\/2-240x300.png\" alt=\"\" width=\"240\" height=\"300\" \/><\/p>\n<p>Le BudoClub Ychoussois remercie monsieur le maire d\u2019Ychoux, les \u00e9quipes municipales et les services techniques qui chaque ann\u00e9e mettent \u00e0 notre disposition et entretiennent ces infrastructures mises \u00e0 notre disposition.<\/p>\n<p>Mention sp\u00e9ciale pour notre pr\u00e9sident et l\u2019obtention de son 1er Kyu !!!<\/p>\n<p>BRAVO Mathias pour ce parcours sem\u00e9 d\u2019embuches ! Ta pugnacit\u00e9 a \u00e9t\u00e9 r\u00e9compens\u00e9e !<span class=\"Apple-converted-space\">\u00a0<\/span><\/p>\n<p>Un vrai samoura\u00ef pratique parmi nous ! <span class=\"Apple-converted-space\"><img loading=\"lazy\" decoding=\"async\" class=\"size-medium wp-image-241061 aligncenter\" src=\"https:\/\/aikido-ychoux.com\/wp-content\/uploads\/2025\/12\/IMG_5862-225x300.jpeg\" alt=\"\" width=\"225\" height=\"300\" \/><\/span><\/p>\n","protected":false},"excerpt":{"rendered":"<p>La saison est d\u00e9j\u00e0 bien entam\u00e9e et les f\u00eates de fin d\u2019ann\u00e9e approchent \u00e0 grand pas. Le sapin est d\u00e9j\u00e0 pr\u00eat, le calendrier de l\u2019avent se vide petit \u00e0 petit, nous allons bient\u00f4t profiter des gens que l\u2019on aime ! Ce d\u00e9but de saison est marqu\u00e9 par un changement notable pour le club. En effet, [&hellip;]<\/p>\n","protected":false},"author":6,"featured_media":240981,"comment_status":"closed","ping_status":"closed","sticky":false,"template":"","format":"standard","meta":{"footnotes":""},"categories":[1],"tags":[],"class_list":["post-241078","post","type-post","status-publish","format-standard","has-post-thumbnail","hentry","category-non-classe"],"yoast_head":"<!-- This site is optimized with the Yoast SEO plugin v27.5 - https:\/\/yoast.com\/product\/yoast-seo-wordpress\/ -->\n<title>Une saison tourn\u00e9e vers le renouveau !\u00a0 - A\u00efkido Ychoux<\/title>\n<meta name=\"robots\" content=\"index, follow, max-snippet:-1, max-image-preview:large, max-video-preview:-1\" \/>\n<link rel=\"canonical\" href=\"https:\/\/aikido-ychoux.com\/index.php\/2025\/12\/10\/une-saison-tournee-vers-le-renouveau\/\" \/>\n<meta property=\"og:locale\" content=\"fr_FR\" \/>\n<meta property=\"og:type\" content=\"article\" \/>\n<meta property=\"og:title\" content=\"Une saison tourn\u00e9e vers le renouveau !\u00a0 - A\u00efkido Ychoux\" \/>\n<meta property=\"og:description\" content=\"La saison est d\u00e9j\u00e0 bien entam\u00e9e et les f\u00eates de fin d\u2019ann\u00e9e approchent \u00e0 grand pas. Le sapin est d\u00e9j\u00e0 pr\u00eat, le calendrier de l\u2019avent se vide petit \u00e0 petit, nous allons bient\u00f4t profiter des gens que l\u2019on aime ! Ce d\u00e9but de saison est marqu\u00e9 par un changement notable pour le club. En effet, [&hellip;]\" \/>\n<meta property=\"og:url\" content=\"https:\/\/aikido-ychoux.com\/index.php\/2025\/12\/10\/une-saison-tournee-vers-le-renouveau\/\" \/>\n<meta property=\"og:site_name\" content=\"A\u00efkido Ychoux\" \/>\n<meta property=\"article:publisher\" content=\"https:\/\/www.facebook.com\/budoclubychoux\/\" \/>\n<meta property=\"article:published_time\" content=\"2025-12-10T10:15:48+00:00\" \/>\n<meta property=\"og:image\" content=\"https:\/\/aikido-ychoux.com\/wp-content\/uploads\/2025\/08\/stage-Luis-Antunes-Ychoux-mai-2025-34.jpg\" \/>\n\t<meta property=\"og:image:width\" content=\"2100\" \/>\n\t<meta property=\"og:image:height\" content=\"1400\" \/>\n\t<meta property=\"og:image:type\" content=\"image\/jpeg\" \/>\n<meta name=\"author\" content=\"L&#039;\u00e9quipe enseignante\" \/>\n<meta name=\"twitter:card\" content=\"summary_large_image\" \/>\n<meta name=\"twitter:label1\" content=\"\u00c9crit par\" \/>\n\t<meta name=\"twitter:data1\" content=\"L&#039;\u00e9quipe enseignante\" \/>\n\t<meta name=\"twitter:label2\" content=\"Dur\u00e9e de lecture estim\u00e9e\" \/>\n\t<meta name=\"twitter:data2\" content=\"3 minutes\" \/>\n<script type=\"application\/ld+json\" class=\"yoast-schema-graph\">{\"@context\":\"https:\\\/\\\/schema.org\",\"@graph\":[{\"@type\":\"Article\",\"@id\":\"https:\\\/\\\/aikido-ychoux.com\\\/index.php\\\/2025\\\/12\\\/10\\\/une-saison-tournee-vers-le-renouveau\\\/#article\",\"isPartOf\":{\"@id\":\"https:\\\/\\\/aikido-ychoux.com\\\/index.php\\\/2025\\\/12\\\/10\\\/une-saison-tournee-vers-le-renouveau\\\/\"},\"author\":{\"name\":\"L'\u00e9quipe enseignante\",\"@id\":\"https:\\\/\\\/aikido-ychoux.com\\\/#\\\/schema\\\/person\\\/37735b1e1cb02cd40944100f711941ba\"},\"headline\":\"Une saison tourn\u00e9e vers le renouveau !\u00a0\",\"datePublished\":\"2025-12-10T10:15:48+00:00\",\"mainEntityOfPage\":{\"@id\":\"https:\\\/\\\/aikido-ychoux.com\\\/index.php\\\/2025\\\/12\\\/10\\\/une-saison-tournee-vers-le-renouveau\\\/\"},\"wordCount\":351,\"publisher\":{\"@id\":\"https:\\\/\\\/aikido-ychoux.com\\\/#organization\"},\"image\":{\"@id\":\"https:\\\/\\\/aikido-ychoux.com\\\/index.php\\\/2025\\\/12\\\/10\\\/une-saison-tournee-vers-le-renouveau\\\/#primaryimage\"},\"thumbnailUrl\":\"https:\\\/\\\/aikido-ychoux.com\\\/wp-content\\\/uploads\\\/2025\\\/08\\\/stage-Luis-Antunes-Ychoux-mai-2025-34.jpg\",\"inLanguage\":\"fr-FR\"},{\"@type\":\"WebPage\",\"@id\":\"https:\\\/\\\/aikido-ychoux.com\\\/index.php\\\/2025\\\/12\\\/10\\\/une-saison-tournee-vers-le-renouveau\\\/\",\"url\":\"https:\\\/\\\/aikido-ychoux.com\\\/index.php\\\/2025\\\/12\\\/10\\\/une-saison-tournee-vers-le-renouveau\\\/\",\"name\":\"Une saison tourn\u00e9e vers le renouveau !\u00a0 - A\u00efkido Ychoux\",\"isPartOf\":{\"@id\":\"https:\\\/\\\/aikido-ychoux.com\\\/#website\"},\"primaryImageOfPage\":{\"@id\":\"https:\\\/\\\/aikido-ychoux.com\\\/index.php\\\/2025\\\/12\\\/10\\\/une-saison-tournee-vers-le-renouveau\\\/#primaryimage\"},\"image\":{\"@id\":\"https:\\\/\\\/aikido-ychoux.com\\\/index.php\\\/2025\\\/12\\\/10\\\/une-saison-tournee-vers-le-renouveau\\\/#primaryimage\"},\"thumbnailUrl\":\"https:\\\/\\\/aikido-ychoux.com\\\/wp-content\\\/uploads\\\/2025\\\/08\\\/stage-Luis-Antunes-Ychoux-mai-2025-34.jpg\",\"datePublished\":\"2025-12-10T10:15:48+00:00\",\"breadcrumb\":{\"@id\":\"https:\\\/\\\/aikido-ychoux.com\\\/index.php\\\/2025\\\/12\\\/10\\\/une-saison-tournee-vers-le-renouveau\\\/#breadcrumb\"},\"inLanguage\":\"fr-FR\",\"potentialAction\":[{\"@type\":\"ReadAction\",\"target\":[\"https:\\\/\\\/aikido-ychoux.com\\\/index.php\\\/2025\\\/12\\\/10\\\/une-saison-tournee-vers-le-renouveau\\\/\"]}]},{\"@type\":\"ImageObject\",\"inLanguage\":\"fr-FR\",\"@id\":\"https:\\\/\\\/aikido-ychoux.com\\\/index.php\\\/2025\\\/12\\\/10\\\/une-saison-tournee-vers-le-renouveau\\\/#primaryimage\",\"url\":\"https:\\\/\\\/aikido-ychoux.com\\\/wp-content\\\/uploads\\\/2025\\\/08\\\/stage-Luis-Antunes-Ychoux-mai-2025-34.jpg\",\"contentUrl\":\"https:\\\/\\\/aikido-ychoux.com\\\/wp-content\\\/uploads\\\/2025\\\/08\\\/stage-Luis-Antunes-Ychoux-mai-2025-34.jpg\",\"width\":2100,\"height\":1400},{\"@type\":\"BreadcrumbList\",\"@id\":\"https:\\\/\\\/aikido-ychoux.com\\\/index.php\\\/2025\\\/12\\\/10\\\/une-saison-tournee-vers-le-renouveau\\\/#breadcrumb\",\"itemListElement\":[{\"@type\":\"ListItem\",\"position\":1,\"name\":\"Accueil\",\"item\":\"https:\\\/\\\/aikido-ychoux.com\\\/\"},{\"@type\":\"ListItem\",\"position\":2,\"name\":\"Une saison tourn\u00e9e vers le renouveau !\u00a0\"}]},{\"@type\":\"WebSite\",\"@id\":\"https:\\\/\\\/aikido-ychoux.com\\\/#website\",\"url\":\"https:\\\/\\\/aikido-ychoux.com\\\/\",\"name\":\"A\u00efkido Ychoux\",\"description\":\"Le site officiel du club d&#039;A\u00efkido de la ville d&#039;Ychoux\",\"publisher\":{\"@id\":\"https:\\\/\\\/aikido-ychoux.com\\\/#organization\"},\"potentialAction\":[{\"@type\":\"SearchAction\",\"target\":{\"@type\":\"EntryPoint\",\"urlTemplate\":\"https:\\\/\\\/aikido-ychoux.com\\\/?s={search_term_string}\"},\"query-input\":{\"@type\":\"PropertyValueSpecification\",\"valueRequired\":true,\"valueName\":\"search_term_string\"}}],\"inLanguage\":\"fr-FR\"},{\"@type\":\"Organization\",\"@id\":\"https:\\\/\\\/aikido-ychoux.com\\\/#organization\",\"name\":\"Budo Club Ychoussois\",\"url\":\"https:\\\/\\\/aikido-ychoux.com\\\/\",\"logo\":{\"@type\":\"ImageObject\",\"inLanguage\":\"fr-FR\",\"@id\":\"https:\\\/\\\/aikido-ychoux.com\\\/#\\\/schema\\\/logo\\\/image\\\/\",\"url\":\"https:\\\/\\\/aikido-ychoux.com\\\/wp-content\\\/uploads\\\/2017\\\/08\\\/cropped-cercleYchouxCOL.png\",\"contentUrl\":\"https:\\\/\\\/aikido-ychoux.com\\\/wp-content\\\/uploads\\\/2017\\\/08\\\/cropped-cercleYchouxCOL.png\",\"width\":512,\"height\":512,\"caption\":\"Budo Club Ychoussois\"},\"image\":{\"@id\":\"https:\\\/\\\/aikido-ychoux.com\\\/#\\\/schema\\\/logo\\\/image\\\/\"},\"sameAs\":[\"https:\\\/\\\/www.facebook.com\\\/budoclubychoux\\\/\"]},{\"@type\":\"Person\",\"@id\":\"https:\\\/\\\/aikido-ychoux.com\\\/#\\\/schema\\\/person\\\/37735b1e1cb02cd40944100f711941ba\",\"name\":\"L'\u00e9quipe enseignante\",\"image\":{\"@type\":\"ImageObject\",\"inLanguage\":\"fr-FR\",\"@id\":\"https:\\\/\\\/secure.gravatar.com\\\/avatar\\\/fb60c50d3ec4e14e39d70c1f733ee2acf859fdba99fb5e9690782b12e4ee92c8?s=96&d=mm&r=g\",\"url\":\"https:\\\/\\\/secure.gravatar.com\\\/avatar\\\/fb60c50d3ec4e14e39d70c1f733ee2acf859fdba99fb5e9690782b12e4ee92c8?s=96&d=mm&r=g\",\"contentUrl\":\"https:\\\/\\\/secure.gravatar.com\\\/avatar\\\/fb60c50d3ec4e14e39d70c1f733ee2acf859fdba99fb5e9690782b12e4ee92c8?s=96&d=mm&r=g\",\"caption\":\"L'\u00e9quipe enseignante\"},\"url\":\"https:\\\/\\\/aikido-ychoux.com\\\/index.php\\\/author\\\/benbod\\\/\"}]}<\/script>\n<!-- \/ Yoast SEO plugin. -->","yoast_head_json":{"title":"Une saison tourn\u00e9e vers le renouveau !\u00a0 - A\u00efkido Ychoux","robots":{"index":"index","follow":"follow","max-snippet":"max-snippet:-1","max-image-preview":"max-image-preview:large","max-video-preview":"max-video-preview:-1"},"canonical":"https:\/\/aikido-ychoux.com\/index.php\/2025\/12\/10\/une-saison-tournee-vers-le-renouveau\/","og_locale":"fr_FR","og_type":"article","og_title":"Une saison tourn\u00e9e vers le renouveau !\u00a0 - A\u00efkido Ychoux","og_description":"La saison est d\u00e9j\u00e0 bien entam\u00e9e et les f\u00eates de fin d\u2019ann\u00e9e approchent \u00e0 grand pas. Le sapin est d\u00e9j\u00e0 pr\u00eat, le calendrier de l\u2019avent se vide petit \u00e0 petit, nous allons bient\u00f4t profiter des gens que l\u2019on aime ! Ce d\u00e9but de saison est marqu\u00e9 par un changement notable pour le club. En effet, [&hellip;]","og_url":"https:\/\/aikido-ychoux.com\/index.php\/2025\/12\/10\/une-saison-tournee-vers-le-renouveau\/","og_site_name":"A\u00efkido Ychoux","article_publisher":"https:\/\/www.facebook.com\/budoclubychoux\/","article_published_time":"2025-12-10T10:15:48+00:00","og_image":[{"width":2100,"height":1400,"url":"https:\/\/aikido-ychoux.com\/wp-content\/uploads\/2025\/08\/stage-Luis-Antunes-Ychoux-mai-2025-34.jpg","type":"image\/jpeg"}],"author":"L'\u00e9quipe enseignante","twitter_card":"summary_large_image","twitter_misc":{"\u00c9crit par":"L'\u00e9quipe enseignante","Dur\u00e9e de lecture estim\u00e9e":"3 minutes"},"schema":{"@context":"https:\/\/schema.org","@graph":[{"@type":"Article","@id":"https:\/\/aikido-ychoux.com\/index.php\/2025\/12\/10\/une-saison-tournee-vers-le-renouveau\/#article","isPartOf":{"@id":"https:\/\/aikido-ychoux.com\/index.php\/2025\/12\/10\/une-saison-tournee-vers-le-renouveau\/"},"author":{"name":"L'\u00e9quipe enseignante","@id":"https:\/\/aikido-ychoux.com\/#\/schema\/person\/37735b1e1cb02cd40944100f711941ba"},"headline":"Une saison tourn\u00e9e vers le renouveau !\u00a0","datePublished":"2025-12-10T10:15:48+00:00","mainEntityOfPage":{"@id":"https:\/\/aikido-ychoux.com\/index.php\/2025\/12\/10\/une-saison-tournee-vers-le-renouveau\/"},"wordCount":351,"publisher":{"@id":"https:\/\/aikido-ychoux.com\/#organization"},"image":{"@id":"https:\/\/aikido-ychoux.com\/index.php\/2025\/12\/10\/une-saison-tournee-vers-le-renouveau\/#primaryimage"},"thumbnailUrl":"https:\/\/aikido-ychoux.com\/wp-content\/uploads\/2025\/08\/stage-Luis-Antunes-Ychoux-mai-2025-34.jpg","inLanguage":"fr-FR"},{"@type":"WebPage","@id":"https:\/\/aikido-ychoux.com\/index.php\/2025\/12\/10\/une-saison-tournee-vers-le-renouveau\/","url":"https:\/\/aikido-ychoux.com\/index.php\/2025\/12\/10\/une-saison-tournee-vers-le-renouveau\/","name":"Une saison tourn\u00e9e vers le renouveau !\u00a0 - A\u00efkido Ychoux","isPartOf":{"@id":"https:\/\/aikido-ychoux.com\/#website"},"primaryImageOfPage":{"@id":"https:\/\/aikido-ychoux.com\/index.php\/2025\/12\/10\/une-saison-tournee-vers-le-renouveau\/#primaryimage"},"image":{"@id":"https:\/\/aikido-ychoux.com\/index.php\/2025\/12\/10\/une-saison-tournee-vers-le-renouveau\/#primaryimage"},"thumbnailUrl":"https:\/\/aikido-ychoux.com\/wp-content\/uploads\/2025\/08\/stage-Luis-Antunes-Ychoux-mai-2025-34.jpg","datePublished":"2025-12-10T10:15:48+00:00","breadcrumb":{"@id":"https:\/\/aikido-ychoux.com\/index.php\/2025\/12\/10\/une-saison-tournee-vers-le-renouveau\/#breadcrumb"},"inLanguage":"fr-FR","potentialAction":[{"@type":"ReadAction","target":["https:\/\/aikido-ychoux.com\/index.php\/2025\/12\/10\/une-saison-tournee-vers-le-renouveau\/"]}]},{"@type":"ImageObject","inLanguage":"fr-FR","@id":"https:\/\/aikido-ychoux.com\/index.php\/2025\/12\/10\/une-saison-tournee-vers-le-renouveau\/#primaryimage","url":"https:\/\/aikido-ychoux.com\/wp-content\/uploads\/2025\/08\/stage-Luis-Antunes-Ychoux-mai-2025-34.jpg","contentUrl":"https:\/\/aikido-ychoux.com\/wp-content\/uploads\/2025\/08\/stage-Luis-Antunes-Ychoux-mai-2025-34.jpg","width":2100,"height":1400},{"@type":"BreadcrumbList","@id":"https:\/\/aikido-ychoux.com\/index.php\/2025\/12\/10\/une-saison-tournee-vers-le-renouveau\/#breadcrumb","itemListElement":[{"@type":"ListItem","position":1,"name":"Accueil","item":"https:\/\/aikido-ychoux.com\/"},{"@type":"ListItem","position":2,"name":"Une saison tourn\u00e9e vers le renouveau !\u00a0"}]},{"@type":"WebSite","@id":"https:\/\/aikido-ychoux.com\/#website","url":"https:\/\/aikido-ychoux.com\/","name":"A\u00efkido Ychoux","description":"Le site officiel du club d&#039;A\u00efkido de la ville d&#039;Ychoux","publisher":{"@id":"https:\/\/aikido-ychoux.com\/#organization"},"potentialAction":[{"@type":"SearchAction","target":{"@type":"EntryPoint","urlTemplate":"https:\/\/aikido-ychoux.com\/?s={search_term_string}"},"query-input":{"@type":"PropertyValueSpecification","valueRequired":true,"valueName":"search_term_string"}}],"inLanguage":"fr-FR"},{"@type":"Organization","@id":"https:\/\/aikido-ychoux.com\/#organization","name":"Budo Club Ychoussois","url":"https:\/\/aikido-ychoux.com\/","logo":{"@type":"ImageObject","inLanguage":"fr-FR","@id":"https:\/\/aikido-ychoux.com\/#\/schema\/logo\/image\/","url":"https:\/\/aikido-ychoux.com\/wp-content\/uploads\/2017\/08\/cropped-cercleYchouxCOL.png","contentUrl":"https:\/\/aikido-ychoux.com\/wp-content\/uploads\/2017\/08\/cropped-cercleYchouxCOL.png","width":512,"height":512,"caption":"Budo Club Ychoussois"},"image":{"@id":"https:\/\/aikido-ychoux.com\/#\/schema\/logo\/image\/"},"sameAs":["https:\/\/www.facebook.com\/budoclubychoux\/"]},{"@type":"Person","@id":"https:\/\/aikido-ychoux.com\/#\/schema\/person\/37735b1e1cb02cd40944100f711941ba","name":"L'\u00e9quipe enseignante","image":{"@type":"ImageObject","inLanguage":"fr-FR","@id":"https:\/\/secure.gravatar.com\/avatar\/fb60c50d3ec4e14e39d70c1f733ee2acf859fdba99fb5e9690782b12e4ee92c8?s=96&d=mm&r=g","url":"https:\/\/secure.gravatar.com\/avatar\/fb60c50d3ec4e14e39d70c1f733ee2acf859fdba99fb5e9690782b12e4ee92c8?s=96&d=mm&r=g","contentUrl":"https:\/\/secure.gravatar.com\/avatar\/fb60c50d3ec4e14e39d70c1f733ee2acf859fdba99fb5e9690782b12e4ee92c8?s=96&d=mm&r=g","caption":"L'\u00e9quipe enseignante"},"url":"https:\/\/aikido-ychoux.com\/index.php\/author\/benbod\/"}]}},"_links":{"self":[{"href":"https:\/\/aikido-ychoux.com\/index.php\/wp-json\/wp\/v2\/posts\/241078","targetHints":{"allow":["GET"]}}],"collection":[{"href":"https:\/\/aikido-ychoux.com\/index.php\/wp-json\/wp\/v2\/posts"}],"about":[{"href":"https:\/\/aikido-ychoux.com\/index.php\/wp-json\/wp\/v2\/types\/post"}],"author":[{"embeddable":true,"href":"https:\/\/aikido-ychoux.com\/index.php\/wp-json\/wp\/v2\/users\/6"}],"replies":[{"embeddable":true,"href":"https:\/\/aikido-ychoux.com\/index.php\/wp-json\/wp\/v2\/comments?post=241078"}],"version-history":[{"count":6,"href":"https:\/\/aikido-ychoux.com\/index.php\/wp-json\/wp\/v2\/posts\/241078\/revisions"}],"predecessor-version":[{"id":241085,"href":"https:\/\/aikido-ychoux.com\/index.php\/wp-json\/wp\/v2\/posts\/241078\/revisions\/241085"}],"wp:featuredmedia":[{"embeddable":true,"href":"https:\/\/aikido-ychoux.com\/index.php\/wp-json\/wp\/v2\/media\/240981"}],"wp:attachment":[{"href":"https:\/\/aikido-ychoux.com\/index.php\/wp-json\/wp\/v2\/media?parent=241078"}],"wp:term":[{"taxonomy":"category","embeddable":true,"href":"https:\/\/aikido-ychoux.com\/index.php\/wp-json\/wp\/v2\/categories?post=241078"},{"taxonomy":"post_tag","embeddable":true,"href":"https:\/\/aikido-ychoux.com\/index.php\/wp-json\/wp\/v2\/tags?post=241078"}],"curies":[{"name":"wp","href":"https:\/\/api.w.org\/{rel}","templated":true}]}}