{"id":240917,"date":"2025-06-03T13:08:01","date_gmt":"2025-06-03T11:08:01","guid":{"rendered":"https:\/\/aikido-ychoux.com\/?p=240917"},"modified":"2025-06-03T13:08:44","modified_gmt":"2025-06-03T11:08:44","slug":"une-fin-de-saison-intense-et-engagee-pour-les-aikidokas-du-budoclub","status":"publish","type":"post","link":"https:\/\/aikido-ychoux.com\/index.php\/2025\/06\/03\/une-fin-de-saison-intense-et-engagee-pour-les-aikidokas-du-budoclub\/","title":{"rendered":"Une fin de saison intense et engag\u00e9e pour les A\u00efkidokas du BudoClub."},"content":{"rendered":"<p>Le printemps touche \u00e0 sa fin et la fin de la saison 2024-2025 approche \u00e0 grand pas. Malgr\u00e9 cela pas le temps de r\u00eaver ou d\u2019en profiter pour renouer avec les longues plages de sable du littoral landais ! Ce sera pour plus tard !!!<\/p>\n<p>En avril comme en mai, les activit\u00e9s du club ont \u00e9t\u00e9 nombreuses et riches !!<\/p>\n<p>C\u00f4t\u00e9 interclubs et cours en commun, les copains d\u2019Arcachon, Parentis et Mimizan ont accueilli les adultes comme les enfants. C\u2019est toujours un plaisir de se retrouver et de partager nos pratiques comme les moments conviviaux. Mention sp\u00e9ciale pour Mimizan avec son cours au bord de l\u2019oc\u00e9an\u2026<span class=\"Apple-converted-space\">\u00a0<\/span><\/p>\n<p>C\u00f4t\u00e9 stages \u00ab\u00a0priv\u00e9s\u00a0\u00bb nous avons eu le plaisir de participer aux stages organis\u00e9s par Arcachon et Biscarrosse au cours desquels Fr\u00e9d\u00e9ric Rolland et Denis Micoulas nous ont r\u00e9gal\u00e9s de leurs diff\u00e9rentes approches des fondations. Un travail rigoureux et n\u00e9anmoins compl\u00e9mentaire ! On en redemande !!!<span class=\"Apple-converted-space\">\u00a0<\/span><\/p>\n<p><img loading=\"lazy\" decoding=\"async\" class=\"size-medium wp-image-240923 aligncenter\" src=\"https:\/\/aikido-ychoux.com\/wp-content\/uploads\/2025\/06\/Groupe-300x200.jpeg\" alt=\"\" width=\"300\" height=\"200\" \/><\/p>\n<p>C\u00f4t\u00e9 f\u00e9d\u00e9ral, le comit\u00e9 d\u00e9partemental des Landes a organis\u00e9 par l\u2019interm\u00e9diaire de l\u2019\u00e9quipe du BudoClub Ychoussois son stage annuel \u00e0 destination des \u00ab jeunes \u00bb. Pas moins de 50 enfants et adolescents se sont initi\u00e9s ou perfectionn\u00e9s \u00e0 la calligraphie, au tambo, au jo ou encore \u00e0 la naginata, sans oublier l\u2019a\u00efkido.<\/p>\n<p>Un grand merci \u00e0 Cathy (A\u00efkido) du club de Parentis-en-Born, Vincent (calligraphie) du Budo Club d\u2019Ychoux, Jack (jo) du club de Bill\u00e8re, Mario (tambo) du Club de Blanquefort et Alain (naginata) du Club du Bouscat pour leurs interventions.<span class=\"Apple-converted-space\">\u00a0<\/span><\/p>\n<p><img loading=\"lazy\" decoding=\"async\" class=\"size-medium wp-image-240920 aligncenter\" src=\"https:\/\/aikido-ychoux.com\/wp-content\/uploads\/2025\/06\/Cathy-300x200.jpeg\" alt=\"\" width=\"300\" height=\"200\" \/> <img loading=\"lazy\" decoding=\"async\" class=\"size-medium wp-image-240924 alignright\" src=\"https:\/\/aikido-ychoux.com\/wp-content\/uploads\/2025\/06\/Jack-300x200.jpeg\" alt=\"\" width=\"300\" height=\"200\" \/><img loading=\"lazy\" decoding=\"async\" class=\"size-medium wp-image-240925 alignleft\" src=\"https:\/\/aikido-ychoux.com\/wp-content\/uploads\/2025\/06\/Mario-300x200.jpeg\" alt=\"\" width=\"300\" height=\"200\" \/> <img loading=\"lazy\" decoding=\"async\" class=\"size-medium wp-image-240918 aligncenter\" src=\"https:\/\/aikido-ychoux.com\/wp-content\/uploads\/2025\/06\/Alain-300x200.jpeg\" alt=\"\" width=\"300\" height=\"200\" \/><\/p>\n<p style=\"text-align: center\">Un grand merci \u00e9galement au \u00ab\u00a0Gavroche foodtruck\u00a0\u00bb ( <a href=\"https:\/\/www.legavrochefoodtruck.com\/\">https:\/\/www.legavrochefoodtruck.com\/<\/a> ) \u00a0d&rsquo;avoir assur\u00e9 la partie restauration avec succ\u00e8s !!! Une super \u00e9quipe que je recommande chaleureusement !!!<\/p>\n<p><img loading=\"lazy\" decoding=\"async\" class=\"alignnone size-medium wp-image-240919\" src=\"https:\/\/aikido-ychoux.com\/wp-content\/uploads\/2025\/06\/Calli-300x200.jpeg\" alt=\"\" width=\"300\" height=\"200\" \/> <img loading=\"lazy\" decoding=\"async\" class=\"size-medium wp-image-240922 alignright\" src=\"https:\/\/aikido-ychoux.com\/wp-content\/uploads\/2025\/06\/FoodT-300x225.jpg\" alt=\"\" width=\"300\" height=\"225\" srcset=\"https:\/\/aikido-ychoux.com\/wp-content\/uploads\/2025\/06\/FoodT-300x225.jpg 300w, https:\/\/aikido-ychoux.com\/wp-content\/uploads\/2025\/06\/FoodT-1024x768.jpg 1024w, https:\/\/aikido-ychoux.com\/wp-content\/uploads\/2025\/06\/FoodT-768x576.jpg 768w, https:\/\/aikido-ychoux.com\/wp-content\/uploads\/2025\/06\/FoodT-1536x1152.jpg 1536w, https:\/\/aikido-ychoux.com\/wp-content\/uploads\/2025\/06\/FoodT-2048x1536.jpg 2048w, https:\/\/aikido-ychoux.com\/wp-content\/uploads\/2025\/06\/FoodT-510x382.jpg 510w, https:\/\/aikido-ychoux.com\/wp-content\/uploads\/2025\/06\/FoodT-1080x810.jpg 1080w, https:\/\/aikido-ychoux.com\/wp-content\/uploads\/2025\/06\/FoodT-1280x960.jpg 1280w, https:\/\/aikido-ychoux.com\/wp-content\/uploads\/2025\/06\/FoodT-980x735.jpg 980w, https:\/\/aikido-ychoux.com\/wp-content\/uploads\/2025\/06\/FoodT-480x360.jpg 480w, https:\/\/aikido-ychoux.com\/wp-content\/uploads\/2025\/06\/FoodT-600x450.jpg 600w\" sizes=\"(max-width: 300px) 100vw, 300px\" \/><\/p>\n<p>&nbsp;<\/p>\n<p>C\u00f4t\u00e9 club enfin , Nous avons re\u00e7u en avril Mario Chambrier, du club de Blanquefort venu pour une initiation au ia\u00efdo dans le cadre de nos cours sp\u00e9cifiques \u00ab\u00a0armes\u00a0\u00bb. Un grand merci Mario pour ta gentillesse, ta disponibilit\u00e9 et ton expertise partag\u00e9e.<\/p>\n<p>Les enseignants du club ont propos\u00e9 des cours d\u2019initiation, dans le cadre d\u2019une animation \u00ab\u00a0d\u00e9couverte des associations sportive\u00a0de la ville\u00a0\u00bb organis\u00e9e par le Conseil Municipal des Enfants d\u2019Ychoux. Une super journ\u00e9e qui nous a permis de pr\u00e9senter le club et l\u2019a\u00efkido.<\/p>\n<p>Pour finir, le dojo municipal d&rsquo;Ychoux a accueilli cette ann\u00e9e encore Luis Antunes Shihan 7<sup>\u00e8me<\/sup> dan A\u00efkika\u00ef de Tokyo. Une quarantaine de participants sont venus assister au stage co-organis\u00e9 par les clubs d\u2019Ychoux, Le Bouscat, Parentis-en-Born, Mont-de-Marsan et Chevanceaux pour b\u00e9n\u00e9ficier ainsi des enseignements exceptionnels de ce ma\u00eetre renomm\u00e9.<\/p>\n<p>Cette ann\u00e9e encore Luis Antunes Shihan a partag\u00e9 ses connaissances de l&rsquo;a\u00efkido avec passion, d\u00e9vouement et une extr\u00eame bienveillance. A l\u2019\u00e9coute de chacun, il a su prodiguer de pr\u00e9cieux conseils lors d\u2019\u00e9change riches sur le tatami comme en dehors.<\/p>\n<p><img loading=\"lazy\" decoding=\"async\" class=\"size-medium wp-image-240928 aligncenter\" src=\"https:\/\/aikido-ychoux.com\/wp-content\/uploads\/2025\/06\/stage-Luis-Antunes-Ychoux-mai-2025-17-300x200.jpg\" alt=\"\" width=\"300\" height=\"200\" \/><br \/>\n<img loading=\"lazy\" decoding=\"async\" class=\"size-medium wp-image-240930 alignleft\" src=\"https:\/\/aikido-ychoux.com\/wp-content\/uploads\/2025\/06\/stage-Luis-Antunes-Ychoux-mai-2025-23-300x200.jpg\" alt=\"\" width=\"300\" height=\"200\" \/> <img loading=\"lazy\" decoding=\"async\" class=\"size-medium wp-image-240929 alignright\" src=\"https:\/\/aikido-ychoux.com\/wp-content\/uploads\/2025\/06\/stage-Luis-Antunes-Ychoux-mai-2025-20-300x200.jpg\" alt=\"\" width=\"300\" height=\"200\" \/><\/p>\n<p>&nbsp;<\/p>\n<p>&nbsp;<\/p>\n<p>&nbsp;<\/p>\n<p>&nbsp;<\/p>\n<p><img loading=\"lazy\" decoding=\"async\" class=\"size-medium wp-image-240930 aligncenter\" src=\"https:\/\/aikido-ychoux.com\/wp-content\/uploads\/2025\/06\/stage-Luis-Antunes-Ychoux-mai-2025-23-300x200.jpg\" alt=\"\" width=\"300\" height=\"200\" \/><\/p>\n<p>Ces rendez-vous annuels, en novembre et en mai, sont devenus des \u00e9v\u00e9nements forts, incontournables pour les pratiquants du secteur.<\/p>\n<p>Nous sommes d\u00e9j\u00e0 impatients de retrouver Luis Antunes Shihan cet \u00e9t\u00e9 lors du Shochu Ge\u00efko de Lisbonne. En attendant, rendez-vous est pris pour l\u2019an prochain ! D\u2019ici l\u00e0 il nous faudra travailler\u2026<\/p>\n<p>Le BudoClub Ychoussois remercie \u00e9galement monsieur le maire d\u2019Ychoux, les \u00e9quipes municipales et les services techniques qui chaque ann\u00e9e mettent \u00e0 notre disposition et entretiennent les infrastructures mises \u00e0 notre disposition.<\/p>\n<p>Info de derni\u00e8re minute ! Les vendredis du mois de juin sont des cours \u00ab\u00a0Portes Ouvertes\u00a0\u00bb<span class=\"Apple-converted-space\">\u00a0 <\/span>( cours gratuits \/ sans certificat m\u00e9dical ).<\/p>\n<p><img loading=\"lazy\" decoding=\"async\" class=\"size-medium wp-image-240939 aligncenter\" src=\"https:\/\/aikido-ychoux.com\/wp-content\/uploads\/2025\/06\/Navy-and-White-Cute-Night-Japan-Itinerary-Instagram-Story-169x300.jpg\" alt=\"\" width=\"169\" height=\"300\" \/><\/p>\n<p style=\"text-align: center\">Venez nombreux et nombreuses tenter \u00ab\u00a0l\u2019exp\u00e9rience A\u00efki\u00a0\u00bb !!!<\/p>\n","protected":false},"excerpt":{"rendered":"<p>Le printemps touche \u00e0 sa fin et la fin de la saison 2024-2025 approche \u00e0 grand pas. Malgr\u00e9 cela pas le temps de r\u00eaver ou d\u2019en profiter pour renouer avec les longues plages de sable du littoral landais ! Ce sera pour plus tard !!! En avril comme en mai, les activit\u00e9s du club ont [&hellip;]<\/p>\n","protected":false},"author":6,"featured_media":240926,"comment_status":"closed","ping_status":"closed","sticky":false,"template":"","format":"standard","meta":{"footnotes":""},"categories":[1],"tags":[],"class_list":["post-240917","post","type-post","status-publish","format-standard","has-post-thumbnail","hentry","category-non-classe"],"yoast_head":"<!-- This site is optimized with the Yoast SEO plugin v27.5 - https:\/\/yoast.com\/product\/yoast-seo-wordpress\/ -->\n<title>Une fin de saison intense et engag\u00e9e pour les A\u00efkidokas du BudoClub. - A\u00efkido Ychoux<\/title>\n<meta name=\"robots\" content=\"index, follow, max-snippet:-1, max-image-preview:large, max-video-preview:-1\" \/>\n<link rel=\"canonical\" href=\"https:\/\/aikido-ychoux.com\/index.php\/2025\/06\/03\/une-fin-de-saison-intense-et-engagee-pour-les-aikidokas-du-budoclub\/\" \/>\n<meta property=\"og:locale\" content=\"fr_FR\" \/>\n<meta property=\"og:type\" content=\"article\" \/>\n<meta property=\"og:title\" content=\"Une fin de saison intense et engag\u00e9e pour les A\u00efkidokas du BudoClub. - A\u00efkido Ychoux\" \/>\n<meta property=\"og:description\" content=\"Le printemps touche \u00e0 sa fin et la fin de la saison 2024-2025 approche \u00e0 grand pas. Malgr\u00e9 cela pas le temps de r\u00eaver ou d\u2019en profiter pour renouer avec les longues plages de sable du littoral landais ! Ce sera pour plus tard !!! En avril comme en mai, les activit\u00e9s du club ont [&hellip;]\" \/>\n<meta property=\"og:url\" content=\"https:\/\/aikido-ychoux.com\/index.php\/2025\/06\/03\/une-fin-de-saison-intense-et-engagee-pour-les-aikidokas-du-budoclub\/\" \/>\n<meta property=\"og:site_name\" content=\"A\u00efkido Ychoux\" \/>\n<meta property=\"article:publisher\" content=\"https:\/\/www.facebook.com\/budoclubychoux\/\" \/>\n<meta property=\"article:published_time\" content=\"2025-06-03T11:08:01+00:00\" \/>\n<meta property=\"article:modified_time\" content=\"2025-06-03T11:08:44+00:00\" \/>\n<meta property=\"og:image\" content=\"https:\/\/aikido-ychoux.com\/wp-content\/uploads\/2025\/06\/stage-Luis-Antunes-Ychoux-mai-2025-1.jpg\" \/>\n\t<meta property=\"og:image:width\" content=\"2100\" \/>\n\t<meta property=\"og:image:height\" content=\"1400\" \/>\n\t<meta property=\"og:image:type\" content=\"image\/jpeg\" \/>\n<meta name=\"author\" content=\"L&#039;\u00e9quipe enseignante\" \/>\n<meta name=\"twitter:card\" content=\"summary_large_image\" \/>\n<meta name=\"twitter:label1\" content=\"\u00c9crit par\" \/>\n\t<meta name=\"twitter:data1\" content=\"L&#039;\u00e9quipe enseignante\" \/>\n\t<meta name=\"twitter:label2\" content=\"Dur\u00e9e de lecture estim\u00e9e\" \/>\n\t<meta name=\"twitter:data2\" content=\"6 minutes\" \/>\n<script type=\"application\/ld+json\" class=\"yoast-schema-graph\">{\"@context\":\"https:\\\/\\\/schema.org\",\"@graph\":[{\"@type\":\"Article\",\"@id\":\"https:\\\/\\\/aikido-ychoux.com\\\/index.php\\\/2025\\\/06\\\/03\\\/une-fin-de-saison-intense-et-engagee-pour-les-aikidokas-du-budoclub\\\/#article\",\"isPartOf\":{\"@id\":\"https:\\\/\\\/aikido-ychoux.com\\\/index.php\\\/2025\\\/06\\\/03\\\/une-fin-de-saison-intense-et-engagee-pour-les-aikidokas-du-budoclub\\\/\"},\"author\":{\"name\":\"L'\u00e9quipe enseignante\",\"@id\":\"https:\\\/\\\/aikido-ychoux.com\\\/#\\\/schema\\\/person\\\/37735b1e1cb02cd40944100f711941ba\"},\"headline\":\"Une fin de saison intense et engag\u00e9e pour les A\u00efkidokas du BudoClub.\",\"datePublished\":\"2025-06-03T11:08:01+00:00\",\"dateModified\":\"2025-06-03T11:08:44+00:00\",\"mainEntityOfPage\":{\"@id\":\"https:\\\/\\\/aikido-ychoux.com\\\/index.php\\\/2025\\\/06\\\/03\\\/une-fin-de-saison-intense-et-engagee-pour-les-aikidokas-du-budoclub\\\/\"},\"wordCount\":624,\"publisher\":{\"@id\":\"https:\\\/\\\/aikido-ychoux.com\\\/#organization\"},\"image\":{\"@id\":\"https:\\\/\\\/aikido-ychoux.com\\\/index.php\\\/2025\\\/06\\\/03\\\/une-fin-de-saison-intense-et-engagee-pour-les-aikidokas-du-budoclub\\\/#primaryimage\"},\"thumbnailUrl\":\"https:\\\/\\\/aikido-ychoux.com\\\/wp-content\\\/uploads\\\/2025\\\/06\\\/stage-Luis-Antunes-Ychoux-mai-2025-1.jpg\",\"inLanguage\":\"fr-FR\"},{\"@type\":\"WebPage\",\"@id\":\"https:\\\/\\\/aikido-ychoux.com\\\/index.php\\\/2025\\\/06\\\/03\\\/une-fin-de-saison-intense-et-engagee-pour-les-aikidokas-du-budoclub\\\/\",\"url\":\"https:\\\/\\\/aikido-ychoux.com\\\/index.php\\\/2025\\\/06\\\/03\\\/une-fin-de-saison-intense-et-engagee-pour-les-aikidokas-du-budoclub\\\/\",\"name\":\"Une fin de saison intense et engag\u00e9e pour les A\u00efkidokas du BudoClub. - A\u00efkido Ychoux\",\"isPartOf\":{\"@id\":\"https:\\\/\\\/aikido-ychoux.com\\\/#website\"},\"primaryImageOfPage\":{\"@id\":\"https:\\\/\\\/aikido-ychoux.com\\\/index.php\\\/2025\\\/06\\\/03\\\/une-fin-de-saison-intense-et-engagee-pour-les-aikidokas-du-budoclub\\\/#primaryimage\"},\"image\":{\"@id\":\"https:\\\/\\\/aikido-ychoux.com\\\/index.php\\\/2025\\\/06\\\/03\\\/une-fin-de-saison-intense-et-engagee-pour-les-aikidokas-du-budoclub\\\/#primaryimage\"},\"thumbnailUrl\":\"https:\\\/\\\/aikido-ychoux.com\\\/wp-content\\\/uploads\\\/2025\\\/06\\\/stage-Luis-Antunes-Ychoux-mai-2025-1.jpg\",\"datePublished\":\"2025-06-03T11:08:01+00:00\",\"dateModified\":\"2025-06-03T11:08:44+00:00\",\"breadcrumb\":{\"@id\":\"https:\\\/\\\/aikido-ychoux.com\\\/index.php\\\/2025\\\/06\\\/03\\\/une-fin-de-saison-intense-et-engagee-pour-les-aikidokas-du-budoclub\\\/#breadcrumb\"},\"inLanguage\":\"fr-FR\",\"potentialAction\":[{\"@type\":\"ReadAction\",\"target\":[\"https:\\\/\\\/aikido-ychoux.com\\\/index.php\\\/2025\\\/06\\\/03\\\/une-fin-de-saison-intense-et-engagee-pour-les-aikidokas-du-budoclub\\\/\"]}]},{\"@type\":\"ImageObject\",\"inLanguage\":\"fr-FR\",\"@id\":\"https:\\\/\\\/aikido-ychoux.com\\\/index.php\\\/2025\\\/06\\\/03\\\/une-fin-de-saison-intense-et-engagee-pour-les-aikidokas-du-budoclub\\\/#primaryimage\",\"url\":\"https:\\\/\\\/aikido-ychoux.com\\\/wp-content\\\/uploads\\\/2025\\\/06\\\/stage-Luis-Antunes-Ychoux-mai-2025-1.jpg\",\"contentUrl\":\"https:\\\/\\\/aikido-ychoux.com\\\/wp-content\\\/uploads\\\/2025\\\/06\\\/stage-Luis-Antunes-Ychoux-mai-2025-1.jpg\",\"width\":2100,\"height\":1400},{\"@type\":\"BreadcrumbList\",\"@id\":\"https:\\\/\\\/aikido-ychoux.com\\\/index.php\\\/2025\\\/06\\\/03\\\/une-fin-de-saison-intense-et-engagee-pour-les-aikidokas-du-budoclub\\\/#breadcrumb\",\"itemListElement\":[{\"@type\":\"ListItem\",\"position\":1,\"name\":\"Accueil\",\"item\":\"https:\\\/\\\/aikido-ychoux.com\\\/\"},{\"@type\":\"ListItem\",\"position\":2,\"name\":\"Une fin de saison intense et engag\u00e9e pour les A\u00efkidokas du BudoClub.\"}]},{\"@type\":\"WebSite\",\"@id\":\"https:\\\/\\\/aikido-ychoux.com\\\/#website\",\"url\":\"https:\\\/\\\/aikido-ychoux.com\\\/\",\"name\":\"A\u00efkido Ychoux\",\"description\":\"Le site officiel du club d&#039;A\u00efkido de la ville d&#039;Ychoux\",\"publisher\":{\"@id\":\"https:\\\/\\\/aikido-ychoux.com\\\/#organization\"},\"potentialAction\":[{\"@type\":\"SearchAction\",\"target\":{\"@type\":\"EntryPoint\",\"urlTemplate\":\"https:\\\/\\\/aikido-ychoux.com\\\/?s={search_term_string}\"},\"query-input\":{\"@type\":\"PropertyValueSpecification\",\"valueRequired\":true,\"valueName\":\"search_term_string\"}}],\"inLanguage\":\"fr-FR\"},{\"@type\":\"Organization\",\"@id\":\"https:\\\/\\\/aikido-ychoux.com\\\/#organization\",\"name\":\"Budo Club Ychoussois\",\"url\":\"https:\\\/\\\/aikido-ychoux.com\\\/\",\"logo\":{\"@type\":\"ImageObject\",\"inLanguage\":\"fr-FR\",\"@id\":\"https:\\\/\\\/aikido-ychoux.com\\\/#\\\/schema\\\/logo\\\/image\\\/\",\"url\":\"https:\\\/\\\/aikido-ychoux.com\\\/wp-content\\\/uploads\\\/2017\\\/08\\\/cropped-cercleYchouxCOL.png\",\"contentUrl\":\"https:\\\/\\\/aikido-ychoux.com\\\/wp-content\\\/uploads\\\/2017\\\/08\\\/cropped-cercleYchouxCOL.png\",\"width\":512,\"height\":512,\"caption\":\"Budo Club Ychoussois\"},\"image\":{\"@id\":\"https:\\\/\\\/aikido-ychoux.com\\\/#\\\/schema\\\/logo\\\/image\\\/\"},\"sameAs\":[\"https:\\\/\\\/www.facebook.com\\\/budoclubychoux\\\/\"]},{\"@type\":\"Person\",\"@id\":\"https:\\\/\\\/aikido-ychoux.com\\\/#\\\/schema\\\/person\\\/37735b1e1cb02cd40944100f711941ba\",\"name\":\"L'\u00e9quipe enseignante\",\"image\":{\"@type\":\"ImageObject\",\"inLanguage\":\"fr-FR\",\"@id\":\"https:\\\/\\\/secure.gravatar.com\\\/avatar\\\/fb60c50d3ec4e14e39d70c1f733ee2acf859fdba99fb5e9690782b12e4ee92c8?s=96&d=mm&r=g\",\"url\":\"https:\\\/\\\/secure.gravatar.com\\\/avatar\\\/fb60c50d3ec4e14e39d70c1f733ee2acf859fdba99fb5e9690782b12e4ee92c8?s=96&d=mm&r=g\",\"contentUrl\":\"https:\\\/\\\/secure.gravatar.com\\\/avatar\\\/fb60c50d3ec4e14e39d70c1f733ee2acf859fdba99fb5e9690782b12e4ee92c8?s=96&d=mm&r=g\",\"caption\":\"L'\u00e9quipe enseignante\"},\"url\":\"https:\\\/\\\/aikido-ychoux.com\\\/index.php\\\/author\\\/benbod\\\/\"}]}<\/script>\n<!-- \/ Yoast SEO plugin. -->","yoast_head_json":{"title":"Une fin de saison intense et engag\u00e9e pour les A\u00efkidokas du BudoClub. - A\u00efkido Ychoux","robots":{"index":"index","follow":"follow","max-snippet":"max-snippet:-1","max-image-preview":"max-image-preview:large","max-video-preview":"max-video-preview:-1"},"canonical":"https:\/\/aikido-ychoux.com\/index.php\/2025\/06\/03\/une-fin-de-saison-intense-et-engagee-pour-les-aikidokas-du-budoclub\/","og_locale":"fr_FR","og_type":"article","og_title":"Une fin de saison intense et engag\u00e9e pour les A\u00efkidokas du BudoClub. - A\u00efkido Ychoux","og_description":"Le printemps touche \u00e0 sa fin et la fin de la saison 2024-2025 approche \u00e0 grand pas. Malgr\u00e9 cela pas le temps de r\u00eaver ou d\u2019en profiter pour renouer avec les longues plages de sable du littoral landais ! Ce sera pour plus tard !!! En avril comme en mai, les activit\u00e9s du club ont [&hellip;]","og_url":"https:\/\/aikido-ychoux.com\/index.php\/2025\/06\/03\/une-fin-de-saison-intense-et-engagee-pour-les-aikidokas-du-budoclub\/","og_site_name":"A\u00efkido Ychoux","article_publisher":"https:\/\/www.facebook.com\/budoclubychoux\/","article_published_time":"2025-06-03T11:08:01+00:00","article_modified_time":"2025-06-03T11:08:44+00:00","og_image":[{"width":2100,"height":1400,"url":"https:\/\/aikido-ychoux.com\/wp-content\/uploads\/2025\/06\/stage-Luis-Antunes-Ychoux-mai-2025-1.jpg","type":"image\/jpeg"}],"author":"L'\u00e9quipe enseignante","twitter_card":"summary_large_image","twitter_misc":{"\u00c9crit par":"L'\u00e9quipe enseignante","Dur\u00e9e de lecture estim\u00e9e":"6 minutes"},"schema":{"@context":"https:\/\/schema.org","@graph":[{"@type":"Article","@id":"https:\/\/aikido-ychoux.com\/index.php\/2025\/06\/03\/une-fin-de-saison-intense-et-engagee-pour-les-aikidokas-du-budoclub\/#article","isPartOf":{"@id":"https:\/\/aikido-ychoux.com\/index.php\/2025\/06\/03\/une-fin-de-saison-intense-et-engagee-pour-les-aikidokas-du-budoclub\/"},"author":{"name":"L'\u00e9quipe enseignante","@id":"https:\/\/aikido-ychoux.com\/#\/schema\/person\/37735b1e1cb02cd40944100f711941ba"},"headline":"Une fin de saison intense et engag\u00e9e pour les A\u00efkidokas du BudoClub.","datePublished":"2025-06-03T11:08:01+00:00","dateModified":"2025-06-03T11:08:44+00:00","mainEntityOfPage":{"@id":"https:\/\/aikido-ychoux.com\/index.php\/2025\/06\/03\/une-fin-de-saison-intense-et-engagee-pour-les-aikidokas-du-budoclub\/"},"wordCount":624,"publisher":{"@id":"https:\/\/aikido-ychoux.com\/#organization"},"image":{"@id":"https:\/\/aikido-ychoux.com\/index.php\/2025\/06\/03\/une-fin-de-saison-intense-et-engagee-pour-les-aikidokas-du-budoclub\/#primaryimage"},"thumbnailUrl":"https:\/\/aikido-ychoux.com\/wp-content\/uploads\/2025\/06\/stage-Luis-Antunes-Ychoux-mai-2025-1.jpg","inLanguage":"fr-FR"},{"@type":"WebPage","@id":"https:\/\/aikido-ychoux.com\/index.php\/2025\/06\/03\/une-fin-de-saison-intense-et-engagee-pour-les-aikidokas-du-budoclub\/","url":"https:\/\/aikido-ychoux.com\/index.php\/2025\/06\/03\/une-fin-de-saison-intense-et-engagee-pour-les-aikidokas-du-budoclub\/","name":"Une fin de saison intense et engag\u00e9e pour les A\u00efkidokas du BudoClub. - A\u00efkido Ychoux","isPartOf":{"@id":"https:\/\/aikido-ychoux.com\/#website"},"primaryImageOfPage":{"@id":"https:\/\/aikido-ychoux.com\/index.php\/2025\/06\/03\/une-fin-de-saison-intense-et-engagee-pour-les-aikidokas-du-budoclub\/#primaryimage"},"image":{"@id":"https:\/\/aikido-ychoux.com\/index.php\/2025\/06\/03\/une-fin-de-saison-intense-et-engagee-pour-les-aikidokas-du-budoclub\/#primaryimage"},"thumbnailUrl":"https:\/\/aikido-ychoux.com\/wp-content\/uploads\/2025\/06\/stage-Luis-Antunes-Ychoux-mai-2025-1.jpg","datePublished":"2025-06-03T11:08:01+00:00","dateModified":"2025-06-03T11:08:44+00:00","breadcrumb":{"@id":"https:\/\/aikido-ychoux.com\/index.php\/2025\/06\/03\/une-fin-de-saison-intense-et-engagee-pour-les-aikidokas-du-budoclub\/#breadcrumb"},"inLanguage":"fr-FR","potentialAction":[{"@type":"ReadAction","target":["https:\/\/aikido-ychoux.com\/index.php\/2025\/06\/03\/une-fin-de-saison-intense-et-engagee-pour-les-aikidokas-du-budoclub\/"]}]},{"@type":"ImageObject","inLanguage":"fr-FR","@id":"https:\/\/aikido-ychoux.com\/index.php\/2025\/06\/03\/une-fin-de-saison-intense-et-engagee-pour-les-aikidokas-du-budoclub\/#primaryimage","url":"https:\/\/aikido-ychoux.com\/wp-content\/uploads\/2025\/06\/stage-Luis-Antunes-Ychoux-mai-2025-1.jpg","contentUrl":"https:\/\/aikido-ychoux.com\/wp-content\/uploads\/2025\/06\/stage-Luis-Antunes-Ychoux-mai-2025-1.jpg","width":2100,"height":1400},{"@type":"BreadcrumbList","@id":"https:\/\/aikido-ychoux.com\/index.php\/2025\/06\/03\/une-fin-de-saison-intense-et-engagee-pour-les-aikidokas-du-budoclub\/#breadcrumb","itemListElement":[{"@type":"ListItem","position":1,"name":"Accueil","item":"https:\/\/aikido-ychoux.com\/"},{"@type":"ListItem","position":2,"name":"Une fin de saison intense et engag\u00e9e pour les A\u00efkidokas du BudoClub."}]},{"@type":"WebSite","@id":"https:\/\/aikido-ychoux.com\/#website","url":"https:\/\/aikido-ychoux.com\/","name":"A\u00efkido Ychoux","description":"Le site officiel du club d&#039;A\u00efkido de la ville d&#039;Ychoux","publisher":{"@id":"https:\/\/aikido-ychoux.com\/#organization"},"potentialAction":[{"@type":"SearchAction","target":{"@type":"EntryPoint","urlTemplate":"https:\/\/aikido-ychoux.com\/?s={search_term_string}"},"query-input":{"@type":"PropertyValueSpecification","valueRequired":true,"valueName":"search_term_string"}}],"inLanguage":"fr-FR"},{"@type":"Organization","@id":"https:\/\/aikido-ychoux.com\/#organization","name":"Budo Club Ychoussois","url":"https:\/\/aikido-ychoux.com\/","logo":{"@type":"ImageObject","inLanguage":"fr-FR","@id":"https:\/\/aikido-ychoux.com\/#\/schema\/logo\/image\/","url":"https:\/\/aikido-ychoux.com\/wp-content\/uploads\/2017\/08\/cropped-cercleYchouxCOL.png","contentUrl":"https:\/\/aikido-ychoux.com\/wp-content\/uploads\/2017\/08\/cropped-cercleYchouxCOL.png","width":512,"height":512,"caption":"Budo Club Ychoussois"},"image":{"@id":"https:\/\/aikido-ychoux.com\/#\/schema\/logo\/image\/"},"sameAs":["https:\/\/www.facebook.com\/budoclubychoux\/"]},{"@type":"Person","@id":"https:\/\/aikido-ychoux.com\/#\/schema\/person\/37735b1e1cb02cd40944100f711941ba","name":"L'\u00e9quipe enseignante","image":{"@type":"ImageObject","inLanguage":"fr-FR","@id":"https:\/\/secure.gravatar.com\/avatar\/fb60c50d3ec4e14e39d70c1f733ee2acf859fdba99fb5e9690782b12e4ee92c8?s=96&d=mm&r=g","url":"https:\/\/secure.gravatar.com\/avatar\/fb60c50d3ec4e14e39d70c1f733ee2acf859fdba99fb5e9690782b12e4ee92c8?s=96&d=mm&r=g","contentUrl":"https:\/\/secure.gravatar.com\/avatar\/fb60c50d3ec4e14e39d70c1f733ee2acf859fdba99fb5e9690782b12e4ee92c8?s=96&d=mm&r=g","caption":"L'\u00e9quipe enseignante"},"url":"https:\/\/aikido-ychoux.com\/index.php\/author\/benbod\/"}]}},"_links":{"self":[{"href":"https:\/\/aikido-ychoux.com\/index.php\/wp-json\/wp\/v2\/posts\/240917","targetHints":{"allow":["GET"]}}],"collection":[{"href":"https:\/\/aikido-ychoux.com\/index.php\/wp-json\/wp\/v2\/posts"}],"about":[{"href":"https:\/\/aikido-ychoux.com\/index.php\/wp-json\/wp\/v2\/types\/post"}],"author":[{"embeddable":true,"href":"https:\/\/aikido-ychoux.com\/index.php\/wp-json\/wp\/v2\/users\/6"}],"replies":[{"embeddable":true,"href":"https:\/\/aikido-ychoux.com\/index.php\/wp-json\/wp\/v2\/comments?post=240917"}],"version-history":[{"count":8,"href":"https:\/\/aikido-ychoux.com\/index.php\/wp-json\/wp\/v2\/posts\/240917\/revisions"}],"predecessor-version":[{"id":240945,"href":"https:\/\/aikido-ychoux.com\/index.php\/wp-json\/wp\/v2\/posts\/240917\/revisions\/240945"}],"wp:featuredmedia":[{"embeddable":true,"href":"https:\/\/aikido-ychoux.com\/index.php\/wp-json\/wp\/v2\/media\/240926"}],"wp:attachment":[{"href":"https:\/\/aikido-ychoux.com\/index.php\/wp-json\/wp\/v2\/media?parent=240917"}],"wp:term":[{"taxonomy":"category","embeddable":true,"href":"https:\/\/aikido-ychoux.com\/index.php\/wp-json\/wp\/v2\/categories?post=240917"},{"taxonomy":"post_tag","embeddable":true,"href":"https:\/\/aikido-ychoux.com\/index.php\/wp-json\/wp\/v2\/tags?post=240917"}],"curies":[{"name":"wp","href":"https:\/\/api.w.org\/{rel}","templated":true}]}}