{"id":240898,"date":"2025-03-31T12:01:35","date_gmt":"2025-03-31T10:01:35","guid":{"rendered":"https:\/\/aikido-ychoux.com\/?p=240898"},"modified":"2025-03-31T12:01:35","modified_gmt":"2025-03-31T10:01:35","slug":"mars-un-mois-tres-riche-pour-le-budo-club-ychoussois","status":"publish","type":"post","link":"https:\/\/aikido-ychoux.com\/index.php\/2025\/03\/31\/mars-un-mois-tres-riche-pour-le-budo-club-ychoussois\/","title":{"rendered":"Mars, un mois tr\u00e8s riche pour le Budo Club Ychoussois !"},"content":{"rendered":"<p>Cette ann\u00e9e encore les pratiquants du BudoClub Ychoussois\u00a0 n\u2019ont pas m\u00e9nag\u00e9 leurs efforts en ce mois de mars.<span class=\"Apple-converted-space\">\u00a0<\/span><\/p>\n<p>Petite chronologie a\u00efki !<\/p>\n<p>Les journ\u00e9es portes ouvertes, organis\u00e9es par la FFAB \u00e0 l\u2019occasion de la journ\u00e9e internationale des droits des Femmes du 1er au 16 mars, nous ont permis d\u2019organiser quatre cours en partenariat avec l\u2019Aikido Parentissois. Cathy a propos\u00e9 plusieurs cours tr\u00e8s interessants,<span class=\"Apple-converted-space\">\u00a0 <\/span>cette approche de l\u2019A\u00efkido a \u00e9t\u00e9 tr\u00e8s appr\u00e9ci\u00e9e des pratiquants et participants pr\u00e9sents.<\/p>\n<p><img loading=\"lazy\" decoding=\"async\" class=\"size-medium wp-image-240902 alignleft\" src=\"https:\/\/aikido-ychoux.com\/wp-content\/uploads\/2025\/03\/WhatsApp-Image-2025-03-31-at-11.28.21-300x225.jpeg\" alt=\"\" width=\"300\" height=\"225\" \/><\/p>\n<p>&nbsp;<\/p>\n<p>Gr\u00e2ce \u00e0 ce dispositif, nous avons le plaisir d\u2019accueillir une nouvelle adh\u00e9rente, bienvenue Maeva !<\/p>\n<p>&nbsp;<\/p>\n<p>&nbsp;<\/p>\n<p>Le stage \u00ab\u00a0jeune\u00a0\u00bb<span class=\"Apple-converted-space\">\u00a0 <\/span>du 16 mars \u00e0 Cestas, organis\u00e9 par la ligue Nouvelle Aquitaine de la FAAA a permis \u00e0 une dizaine de jeunes des clubs de Parentis et Ychoux, d\u2019aller \u00e0 la rencontre des 111 pratiquants \u00ab\u00a0jeunes\u00a0\u00bb et de la trentaine d&rsquo;enseignants et accompagnants pr\u00e9sents.<span class=\"Apple-converted-space\">\u00a0<\/span>Merci \u00e0 Sophie Bessis du CID Aquitaine FFAAA pour l\u2019accueil et l\u2019organisation ainsi qu\u2019\u00e0 Fr\u00e9d\u00e9ric Guiraud 5e Dan UFA et Pascal Raymond 5e Dan UFA pour l\u2019enseignement. Une belle journ\u00e9e de pratique et de coh\u00e9sion pour les jeunes pratiquants du Comit\u00e9 D\u00e9partemental des Landes encadr\u00e9e par Vincent et Benjamin.<span class=\"Apple-converted-space\"> \u00a0<\/span>Merci encore pour cette belle journ\u00e9e !<\/p>\n<p><img loading=\"lazy\" decoding=\"async\" class=\"size-medium wp-image-240899 aligncenter\" src=\"https:\/\/aikido-ychoux.com\/wp-content\/uploads\/2025\/03\/484209471_1080769403853008_1739845623454581377_n-300x139.jpg\" alt=\"\" width=\"300\" height=\"139\" \/><\/p>\n<p>L\u2019ensemble des clubs du secteur du sud Bassin d \u2018Arcachon et du Nord des Landes \u00e9taient repr\u00e9sent\u00e9s lors de l\u2019interclubs du 18 mars organis\u00e9 par l<span class=\"Apple-converted-space\">\u00a0 <\/span>club de La Teste de Buch dans son dojo de Cazaux. Merci pour l\u2019accueil et la proposition technique. C\u2019est toujours un grand plaisir de se retrouver avec les copains sur et en dehors des tatamis !<span class=\"Apple-converted-space\">\u00a0<\/span><\/p>\n<p>Enfin, Fr\u00e9d\u00e9ric Rolland Shidoin 5e Dan Aikika\u00ef, \u00e9l\u00e8ve direct de Luis Antunes Shihan 7e Dan Aikika\u00ef, nous a fait profiter de ses connaissances techniques lors du stage de fin d\u2019hiver.Nous avons \u00e9tudi\u00e9<span class=\"Apple-converted-space\">\u00a0 <\/span>beaucoup de choses au cours de cette journ\u00e9e, lors de laquelle Fr\u00e9d\u00e9ric a mis en lumi\u00e8re l\u2019importance des d\u00e9placements et la recherche de pertinence martiale et d\u2019efficacit\u00e9Ainsi la matin\u00e9e \u00e9tait destin\u00e9e \u00e0 l\u2019\u00e9tude des ashi sabaki tandis que l\u2019apr\u00e8s midi a permis d\u2019approfondir l\u2019\u00e9tude d\u2019un kata au jo avec sa mise en pratique sous forme de kumi jo avec plusieurs attaquants.<\/p>\n<p><img loading=\"lazy\" decoding=\"async\" class=\"size-medium wp-image-240900 alignleft\" src=\"https:\/\/aikido-ychoux.com\/wp-content\/uploads\/2025\/03\/WhatsApp-Image-2025-03-26-at-22.11.54-226x300.jpeg\" alt=\"\" width=\"226\" height=\"300\" \/><\/p>\n<p>Lors de cette journ\u00e9e, Fr\u00e9d\u00e9ric Rolland a remis le dipl\u00f4me de Fukushidoin (assistant instructeur reconnu par l\u2019A\u00efkika\u00ef de Tokyo) \u00e0 Benjamin Bodier 3\u00e8me Dan A\u00efkika\u00ef, reconnaissance de son travail et de son implication dans le d\u00e9veloppement de l\u2019A\u00efkido et du Budo Club Ychoussois.<\/p>\n<p>&nbsp;<\/p>\n<p>F\u00e9licitations pour cette belle reconnaissance !<\/p>\n<p>&nbsp;<\/p>\n<p>Nous attendons avec h\u00e2te les prochaines activit\u00e9s programm\u00e9es pour le printemps !<\/p>\n","protected":false},"excerpt":{"rendered":"<p>Cette ann\u00e9e encore les pratiquants du BudoClub Ychoussois\u00a0 n\u2019ont pas m\u00e9nag\u00e9 leurs efforts en ce mois de mars.\u00a0 Petite chronologie a\u00efki ! Les journ\u00e9es portes ouvertes, organis\u00e9es par la FFAB \u00e0 l\u2019occasion de la journ\u00e9e internationale des droits des Femmes du 1er au 16 mars, nous ont permis d\u2019organiser quatre cours en partenariat avec l\u2019Aikido [&hellip;]<\/p>\n","protected":false},"author":6,"featured_media":240911,"comment_status":"closed","ping_status":"closed","sticky":false,"template":"","format":"standard","meta":{"footnotes":""},"categories":[1],"tags":[],"class_list":["post-240898","post","type-post","status-publish","format-standard","has-post-thumbnail","hentry","category-non-classe"],"yoast_head":"<!-- This site is optimized with the Yoast SEO plugin v27.5 - https:\/\/yoast.com\/product\/yoast-seo-wordpress\/ -->\n<title>Mars, un mois tr\u00e8s riche pour le Budo Club Ychoussois ! - A\u00efkido Ychoux<\/title>\n<meta name=\"robots\" content=\"index, follow, max-snippet:-1, max-image-preview:large, max-video-preview:-1\" \/>\n<link rel=\"canonical\" href=\"https:\/\/aikido-ychoux.com\/index.php\/2025\/03\/31\/mars-un-mois-tres-riche-pour-le-budo-club-ychoussois\/\" \/>\n<meta property=\"og:locale\" content=\"fr_FR\" \/>\n<meta property=\"og:type\" content=\"article\" \/>\n<meta property=\"og:title\" content=\"Mars, un mois tr\u00e8s riche pour le Budo Club Ychoussois ! - A\u00efkido Ychoux\" \/>\n<meta property=\"og:description\" content=\"Cette ann\u00e9e encore les pratiquants du BudoClub Ychoussois\u00a0 n\u2019ont pas m\u00e9nag\u00e9 leurs efforts en ce mois de mars.\u00a0 Petite chronologie a\u00efki ! Les journ\u00e9es portes ouvertes, organis\u00e9es par la FFAB \u00e0 l\u2019occasion de la journ\u00e9e internationale des droits des Femmes du 1er au 16 mars, nous ont permis d\u2019organiser quatre cours en partenariat avec l\u2019Aikido [&hellip;]\" \/>\n<meta property=\"og:url\" content=\"https:\/\/aikido-ychoux.com\/index.php\/2025\/03\/31\/mars-un-mois-tres-riche-pour-le-budo-club-ychoussois\/\" \/>\n<meta property=\"og:site_name\" content=\"A\u00efkido Ychoux\" \/>\n<meta property=\"article:publisher\" content=\"https:\/\/www.facebook.com\/budoclubychoux\/\" \/>\n<meta property=\"article:published_time\" content=\"2025-03-31T10:01:35+00:00\" \/>\n<meta property=\"og:image\" content=\"https:\/\/aikido-ychoux.com\/wp-content\/uploads\/2025\/03\/WhatsApp-Image-2025-03-26-at-22.12.30-1.jpeg\" \/>\n\t<meta property=\"og:image:width\" content=\"2040\" \/>\n\t<meta property=\"og:image:height\" content=\"1536\" \/>\n\t<meta property=\"og:image:type\" content=\"image\/jpeg\" \/>\n<meta name=\"author\" content=\"L&#039;\u00e9quipe enseignante\" \/>\n<meta name=\"twitter:card\" content=\"summary_large_image\" \/>\n<meta name=\"twitter:label1\" content=\"\u00c9crit par\" \/>\n\t<meta name=\"twitter:data1\" content=\"L&#039;\u00e9quipe enseignante\" \/>\n\t<meta name=\"twitter:label2\" content=\"Dur\u00e9e de lecture estim\u00e9e\" \/>\n\t<meta name=\"twitter:data2\" content=\"3 minutes\" \/>\n<script type=\"application\/ld+json\" class=\"yoast-schema-graph\">{\"@context\":\"https:\\\/\\\/schema.org\",\"@graph\":[{\"@type\":\"Article\",\"@id\":\"https:\\\/\\\/aikido-ychoux.com\\\/index.php\\\/2025\\\/03\\\/31\\\/mars-un-mois-tres-riche-pour-le-budo-club-ychoussois\\\/#article\",\"isPartOf\":{\"@id\":\"https:\\\/\\\/aikido-ychoux.com\\\/index.php\\\/2025\\\/03\\\/31\\\/mars-un-mois-tres-riche-pour-le-budo-club-ychoussois\\\/\"},\"author\":{\"name\":\"L'\u00e9quipe enseignante\",\"@id\":\"https:\\\/\\\/aikido-ychoux.com\\\/#\\\/schema\\\/person\\\/37735b1e1cb02cd40944100f711941ba\"},\"headline\":\"Mars, un mois tr\u00e8s riche pour le Budo Club Ychoussois !\",\"datePublished\":\"2025-03-31T10:01:35+00:00\",\"mainEntityOfPage\":{\"@id\":\"https:\\\/\\\/aikido-ychoux.com\\\/index.php\\\/2025\\\/03\\\/31\\\/mars-un-mois-tres-riche-pour-le-budo-club-ychoussois\\\/\"},\"wordCount\":481,\"publisher\":{\"@id\":\"https:\\\/\\\/aikido-ychoux.com\\\/#organization\"},\"image\":{\"@id\":\"https:\\\/\\\/aikido-ychoux.com\\\/index.php\\\/2025\\\/03\\\/31\\\/mars-un-mois-tres-riche-pour-le-budo-club-ychoussois\\\/#primaryimage\"},\"thumbnailUrl\":\"https:\\\/\\\/aikido-ychoux.com\\\/wp-content\\\/uploads\\\/2025\\\/03\\\/WhatsApp-Image-2025-03-26-at-22.12.30-1.jpeg\",\"inLanguage\":\"fr-FR\"},{\"@type\":\"WebPage\",\"@id\":\"https:\\\/\\\/aikido-ychoux.com\\\/index.php\\\/2025\\\/03\\\/31\\\/mars-un-mois-tres-riche-pour-le-budo-club-ychoussois\\\/\",\"url\":\"https:\\\/\\\/aikido-ychoux.com\\\/index.php\\\/2025\\\/03\\\/31\\\/mars-un-mois-tres-riche-pour-le-budo-club-ychoussois\\\/\",\"name\":\"Mars, un mois tr\u00e8s riche pour le Budo Club Ychoussois ! - A\u00efkido Ychoux\",\"isPartOf\":{\"@id\":\"https:\\\/\\\/aikido-ychoux.com\\\/#website\"},\"primaryImageOfPage\":{\"@id\":\"https:\\\/\\\/aikido-ychoux.com\\\/index.php\\\/2025\\\/03\\\/31\\\/mars-un-mois-tres-riche-pour-le-budo-club-ychoussois\\\/#primaryimage\"},\"image\":{\"@id\":\"https:\\\/\\\/aikido-ychoux.com\\\/index.php\\\/2025\\\/03\\\/31\\\/mars-un-mois-tres-riche-pour-le-budo-club-ychoussois\\\/#primaryimage\"},\"thumbnailUrl\":\"https:\\\/\\\/aikido-ychoux.com\\\/wp-content\\\/uploads\\\/2025\\\/03\\\/WhatsApp-Image-2025-03-26-at-22.12.30-1.jpeg\",\"datePublished\":\"2025-03-31T10:01:35+00:00\",\"breadcrumb\":{\"@id\":\"https:\\\/\\\/aikido-ychoux.com\\\/index.php\\\/2025\\\/03\\\/31\\\/mars-un-mois-tres-riche-pour-le-budo-club-ychoussois\\\/#breadcrumb\"},\"inLanguage\":\"fr-FR\",\"potentialAction\":[{\"@type\":\"ReadAction\",\"target\":[\"https:\\\/\\\/aikido-ychoux.com\\\/index.php\\\/2025\\\/03\\\/31\\\/mars-un-mois-tres-riche-pour-le-budo-club-ychoussois\\\/\"]}]},{\"@type\":\"ImageObject\",\"inLanguage\":\"fr-FR\",\"@id\":\"https:\\\/\\\/aikido-ychoux.com\\\/index.php\\\/2025\\\/03\\\/31\\\/mars-un-mois-tres-riche-pour-le-budo-club-ychoussois\\\/#primaryimage\",\"url\":\"https:\\\/\\\/aikido-ychoux.com\\\/wp-content\\\/uploads\\\/2025\\\/03\\\/WhatsApp-Image-2025-03-26-at-22.12.30-1.jpeg\",\"contentUrl\":\"https:\\\/\\\/aikido-ychoux.com\\\/wp-content\\\/uploads\\\/2025\\\/03\\\/WhatsApp-Image-2025-03-26-at-22.12.30-1.jpeg\",\"width\":2040,\"height\":1536},{\"@type\":\"BreadcrumbList\",\"@id\":\"https:\\\/\\\/aikido-ychoux.com\\\/index.php\\\/2025\\\/03\\\/31\\\/mars-un-mois-tres-riche-pour-le-budo-club-ychoussois\\\/#breadcrumb\",\"itemListElement\":[{\"@type\":\"ListItem\",\"position\":1,\"name\":\"Accueil\",\"item\":\"https:\\\/\\\/aikido-ychoux.com\\\/\"},{\"@type\":\"ListItem\",\"position\":2,\"name\":\"Mars, un mois tr\u00e8s riche pour le Budo Club Ychoussois !\"}]},{\"@type\":\"WebSite\",\"@id\":\"https:\\\/\\\/aikido-ychoux.com\\\/#website\",\"url\":\"https:\\\/\\\/aikido-ychoux.com\\\/\",\"name\":\"A\u00efkido Ychoux\",\"description\":\"Le site officiel du club d&#039;A\u00efkido de la ville d&#039;Ychoux\",\"publisher\":{\"@id\":\"https:\\\/\\\/aikido-ychoux.com\\\/#organization\"},\"potentialAction\":[{\"@type\":\"SearchAction\",\"target\":{\"@type\":\"EntryPoint\",\"urlTemplate\":\"https:\\\/\\\/aikido-ychoux.com\\\/?s={search_term_string}\"},\"query-input\":{\"@type\":\"PropertyValueSpecification\",\"valueRequired\":true,\"valueName\":\"search_term_string\"}}],\"inLanguage\":\"fr-FR\"},{\"@type\":\"Organization\",\"@id\":\"https:\\\/\\\/aikido-ychoux.com\\\/#organization\",\"name\":\"Budo Club Ychoussois\",\"url\":\"https:\\\/\\\/aikido-ychoux.com\\\/\",\"logo\":{\"@type\":\"ImageObject\",\"inLanguage\":\"fr-FR\",\"@id\":\"https:\\\/\\\/aikido-ychoux.com\\\/#\\\/schema\\\/logo\\\/image\\\/\",\"url\":\"https:\\\/\\\/aikido-ychoux.com\\\/wp-content\\\/uploads\\\/2017\\\/08\\\/cropped-cercleYchouxCOL.png\",\"contentUrl\":\"https:\\\/\\\/aikido-ychoux.com\\\/wp-content\\\/uploads\\\/2017\\\/08\\\/cropped-cercleYchouxCOL.png\",\"width\":512,\"height\":512,\"caption\":\"Budo Club Ychoussois\"},\"image\":{\"@id\":\"https:\\\/\\\/aikido-ychoux.com\\\/#\\\/schema\\\/logo\\\/image\\\/\"},\"sameAs\":[\"https:\\\/\\\/www.facebook.com\\\/budoclubychoux\\\/\"]},{\"@type\":\"Person\",\"@id\":\"https:\\\/\\\/aikido-ychoux.com\\\/#\\\/schema\\\/person\\\/37735b1e1cb02cd40944100f711941ba\",\"name\":\"L'\u00e9quipe enseignante\",\"image\":{\"@type\":\"ImageObject\",\"inLanguage\":\"fr-FR\",\"@id\":\"https:\\\/\\\/secure.gravatar.com\\\/avatar\\\/fb60c50d3ec4e14e39d70c1f733ee2acf859fdba99fb5e9690782b12e4ee92c8?s=96&d=mm&r=g\",\"url\":\"https:\\\/\\\/secure.gravatar.com\\\/avatar\\\/fb60c50d3ec4e14e39d70c1f733ee2acf859fdba99fb5e9690782b12e4ee92c8?s=96&d=mm&r=g\",\"contentUrl\":\"https:\\\/\\\/secure.gravatar.com\\\/avatar\\\/fb60c50d3ec4e14e39d70c1f733ee2acf859fdba99fb5e9690782b12e4ee92c8?s=96&d=mm&r=g\",\"caption\":\"L'\u00e9quipe enseignante\"},\"url\":\"https:\\\/\\\/aikido-ychoux.com\\\/index.php\\\/author\\\/benbod\\\/\"}]}<\/script>\n<!-- \/ Yoast SEO plugin. -->","yoast_head_json":{"title":"Mars, un mois tr\u00e8s riche pour le Budo Club Ychoussois ! - A\u00efkido Ychoux","robots":{"index":"index","follow":"follow","max-snippet":"max-snippet:-1","max-image-preview":"max-image-preview:large","max-video-preview":"max-video-preview:-1"},"canonical":"https:\/\/aikido-ychoux.com\/index.php\/2025\/03\/31\/mars-un-mois-tres-riche-pour-le-budo-club-ychoussois\/","og_locale":"fr_FR","og_type":"article","og_title":"Mars, un mois tr\u00e8s riche pour le Budo Club Ychoussois ! - A\u00efkido Ychoux","og_description":"Cette ann\u00e9e encore les pratiquants du BudoClub Ychoussois\u00a0 n\u2019ont pas m\u00e9nag\u00e9 leurs efforts en ce mois de mars.\u00a0 Petite chronologie a\u00efki ! Les journ\u00e9es portes ouvertes, organis\u00e9es par la FFAB \u00e0 l\u2019occasion de la journ\u00e9e internationale des droits des Femmes du 1er au 16 mars, nous ont permis d\u2019organiser quatre cours en partenariat avec l\u2019Aikido [&hellip;]","og_url":"https:\/\/aikido-ychoux.com\/index.php\/2025\/03\/31\/mars-un-mois-tres-riche-pour-le-budo-club-ychoussois\/","og_site_name":"A\u00efkido Ychoux","article_publisher":"https:\/\/www.facebook.com\/budoclubychoux\/","article_published_time":"2025-03-31T10:01:35+00:00","og_image":[{"width":2040,"height":1536,"url":"https:\/\/aikido-ychoux.com\/wp-content\/uploads\/2025\/03\/WhatsApp-Image-2025-03-26-at-22.12.30-1.jpeg","type":"image\/jpeg"}],"author":"L'\u00e9quipe enseignante","twitter_card":"summary_large_image","twitter_misc":{"\u00c9crit par":"L'\u00e9quipe enseignante","Dur\u00e9e de lecture estim\u00e9e":"3 minutes"},"schema":{"@context":"https:\/\/schema.org","@graph":[{"@type":"Article","@id":"https:\/\/aikido-ychoux.com\/index.php\/2025\/03\/31\/mars-un-mois-tres-riche-pour-le-budo-club-ychoussois\/#article","isPartOf":{"@id":"https:\/\/aikido-ychoux.com\/index.php\/2025\/03\/31\/mars-un-mois-tres-riche-pour-le-budo-club-ychoussois\/"},"author":{"name":"L'\u00e9quipe enseignante","@id":"https:\/\/aikido-ychoux.com\/#\/schema\/person\/37735b1e1cb02cd40944100f711941ba"},"headline":"Mars, un mois tr\u00e8s riche pour le Budo Club Ychoussois !","datePublished":"2025-03-31T10:01:35+00:00","mainEntityOfPage":{"@id":"https:\/\/aikido-ychoux.com\/index.php\/2025\/03\/31\/mars-un-mois-tres-riche-pour-le-budo-club-ychoussois\/"},"wordCount":481,"publisher":{"@id":"https:\/\/aikido-ychoux.com\/#organization"},"image":{"@id":"https:\/\/aikido-ychoux.com\/index.php\/2025\/03\/31\/mars-un-mois-tres-riche-pour-le-budo-club-ychoussois\/#primaryimage"},"thumbnailUrl":"https:\/\/aikido-ychoux.com\/wp-content\/uploads\/2025\/03\/WhatsApp-Image-2025-03-26-at-22.12.30-1.jpeg","inLanguage":"fr-FR"},{"@type":"WebPage","@id":"https:\/\/aikido-ychoux.com\/index.php\/2025\/03\/31\/mars-un-mois-tres-riche-pour-le-budo-club-ychoussois\/","url":"https:\/\/aikido-ychoux.com\/index.php\/2025\/03\/31\/mars-un-mois-tres-riche-pour-le-budo-club-ychoussois\/","name":"Mars, un mois tr\u00e8s riche pour le Budo Club Ychoussois ! - A\u00efkido Ychoux","isPartOf":{"@id":"https:\/\/aikido-ychoux.com\/#website"},"primaryImageOfPage":{"@id":"https:\/\/aikido-ychoux.com\/index.php\/2025\/03\/31\/mars-un-mois-tres-riche-pour-le-budo-club-ychoussois\/#primaryimage"},"image":{"@id":"https:\/\/aikido-ychoux.com\/index.php\/2025\/03\/31\/mars-un-mois-tres-riche-pour-le-budo-club-ychoussois\/#primaryimage"},"thumbnailUrl":"https:\/\/aikido-ychoux.com\/wp-content\/uploads\/2025\/03\/WhatsApp-Image-2025-03-26-at-22.12.30-1.jpeg","datePublished":"2025-03-31T10:01:35+00:00","breadcrumb":{"@id":"https:\/\/aikido-ychoux.com\/index.php\/2025\/03\/31\/mars-un-mois-tres-riche-pour-le-budo-club-ychoussois\/#breadcrumb"},"inLanguage":"fr-FR","potentialAction":[{"@type":"ReadAction","target":["https:\/\/aikido-ychoux.com\/index.php\/2025\/03\/31\/mars-un-mois-tres-riche-pour-le-budo-club-ychoussois\/"]}]},{"@type":"ImageObject","inLanguage":"fr-FR","@id":"https:\/\/aikido-ychoux.com\/index.php\/2025\/03\/31\/mars-un-mois-tres-riche-pour-le-budo-club-ychoussois\/#primaryimage","url":"https:\/\/aikido-ychoux.com\/wp-content\/uploads\/2025\/03\/WhatsApp-Image-2025-03-26-at-22.12.30-1.jpeg","contentUrl":"https:\/\/aikido-ychoux.com\/wp-content\/uploads\/2025\/03\/WhatsApp-Image-2025-03-26-at-22.12.30-1.jpeg","width":2040,"height":1536},{"@type":"BreadcrumbList","@id":"https:\/\/aikido-ychoux.com\/index.php\/2025\/03\/31\/mars-un-mois-tres-riche-pour-le-budo-club-ychoussois\/#breadcrumb","itemListElement":[{"@type":"ListItem","position":1,"name":"Accueil","item":"https:\/\/aikido-ychoux.com\/"},{"@type":"ListItem","position":2,"name":"Mars, un mois tr\u00e8s riche pour le Budo Club Ychoussois !"}]},{"@type":"WebSite","@id":"https:\/\/aikido-ychoux.com\/#website","url":"https:\/\/aikido-ychoux.com\/","name":"A\u00efkido Ychoux","description":"Le site officiel du club d&#039;A\u00efkido de la ville d&#039;Ychoux","publisher":{"@id":"https:\/\/aikido-ychoux.com\/#organization"},"potentialAction":[{"@type":"SearchAction","target":{"@type":"EntryPoint","urlTemplate":"https:\/\/aikido-ychoux.com\/?s={search_term_string}"},"query-input":{"@type":"PropertyValueSpecification","valueRequired":true,"valueName":"search_term_string"}}],"inLanguage":"fr-FR"},{"@type":"Organization","@id":"https:\/\/aikido-ychoux.com\/#organization","name":"Budo Club Ychoussois","url":"https:\/\/aikido-ychoux.com\/","logo":{"@type":"ImageObject","inLanguage":"fr-FR","@id":"https:\/\/aikido-ychoux.com\/#\/schema\/logo\/image\/","url":"https:\/\/aikido-ychoux.com\/wp-content\/uploads\/2017\/08\/cropped-cercleYchouxCOL.png","contentUrl":"https:\/\/aikido-ychoux.com\/wp-content\/uploads\/2017\/08\/cropped-cercleYchouxCOL.png","width":512,"height":512,"caption":"Budo Club Ychoussois"},"image":{"@id":"https:\/\/aikido-ychoux.com\/#\/schema\/logo\/image\/"},"sameAs":["https:\/\/www.facebook.com\/budoclubychoux\/"]},{"@type":"Person","@id":"https:\/\/aikido-ychoux.com\/#\/schema\/person\/37735b1e1cb02cd40944100f711941ba","name":"L'\u00e9quipe enseignante","image":{"@type":"ImageObject","inLanguage":"fr-FR","@id":"https:\/\/secure.gravatar.com\/avatar\/fb60c50d3ec4e14e39d70c1f733ee2acf859fdba99fb5e9690782b12e4ee92c8?s=96&d=mm&r=g","url":"https:\/\/secure.gravatar.com\/avatar\/fb60c50d3ec4e14e39d70c1f733ee2acf859fdba99fb5e9690782b12e4ee92c8?s=96&d=mm&r=g","contentUrl":"https:\/\/secure.gravatar.com\/avatar\/fb60c50d3ec4e14e39d70c1f733ee2acf859fdba99fb5e9690782b12e4ee92c8?s=96&d=mm&r=g","caption":"L'\u00e9quipe enseignante"},"url":"https:\/\/aikido-ychoux.com\/index.php\/author\/benbod\/"}]}},"_links":{"self":[{"href":"https:\/\/aikido-ychoux.com\/index.php\/wp-json\/wp\/v2\/posts\/240898","targetHints":{"allow":["GET"]}}],"collection":[{"href":"https:\/\/aikido-ychoux.com\/index.php\/wp-json\/wp\/v2\/posts"}],"about":[{"href":"https:\/\/aikido-ychoux.com\/index.php\/wp-json\/wp\/v2\/types\/post"}],"author":[{"embeddable":true,"href":"https:\/\/aikido-ychoux.com\/index.php\/wp-json\/wp\/v2\/users\/6"}],"replies":[{"embeddable":true,"href":"https:\/\/aikido-ychoux.com\/index.php\/wp-json\/wp\/v2\/comments?post=240898"}],"version-history":[{"count":9,"href":"https:\/\/aikido-ychoux.com\/index.php\/wp-json\/wp\/v2\/posts\/240898\/revisions"}],"predecessor-version":[{"id":240913,"href":"https:\/\/aikido-ychoux.com\/index.php\/wp-json\/wp\/v2\/posts\/240898\/revisions\/240913"}],"wp:featuredmedia":[{"embeddable":true,"href":"https:\/\/aikido-ychoux.com\/index.php\/wp-json\/wp\/v2\/media\/240911"}],"wp:attachment":[{"href":"https:\/\/aikido-ychoux.com\/index.php\/wp-json\/wp\/v2\/media?parent=240898"}],"wp:term":[{"taxonomy":"category","embeddable":true,"href":"https:\/\/aikido-ychoux.com\/index.php\/wp-json\/wp\/v2\/categories?post=240898"},{"taxonomy":"post_tag","embeddable":true,"href":"https:\/\/aikido-ychoux.com\/index.php\/wp-json\/wp\/v2\/tags?post=240898"}],"curies":[{"name":"wp","href":"https:\/\/api.w.org\/{rel}","templated":true}]}}