{"id":240848,"date":"2024-11-18T20:12:20","date_gmt":"2024-11-18T19:12:20","guid":{"rendered":"https:\/\/aikido-ychoux.com\/?p=240848"},"modified":"2024-11-18T20:15:06","modified_gmt":"2024-11-18T19:15:06","slug":"les-aikidoka-mobilises-pour-octobre-rose","status":"publish","type":"post","link":"https:\/\/aikido-ychoux.com\/index.php\/2024\/11\/18\/les-aikidoka-mobilises-pour-octobre-rose\/","title":{"rendered":"Les aikidoka mobilis\u00e9s pour Octobre Rose !"},"content":{"rendered":"<p>Contribution Catherine Sarniguet.<\/p>\n<p>Pour la premi\u00e8re fois, le mardi 29 octobre 2024, \u00e0 l\u2019initiative de l\u2019A\u00efkido Parentissois et du Budo Club Ychoussois, avait lieu au dojo de Parentis-en-Born une rencontre interclubs d\u2019a\u00efkido dans le cadre d\u2019Octobre Rose. \u00c9v\u00e9nement auquel les pratiquants des clubs voisins ont r\u00e9pondu pr\u00e9sents.<\/p>\n<p>Proposant une participation libre, la recette de cet \u00e9v\u00e9nement a \u00e9t\u00e9 totalement revers\u00e9e \u00e0 l\u2019association \u00ab\u00a0Tomates et Cerises Roses\u00a0\u00bb.<\/p>\n<p>21 personnes \u00e9taient ainsi r\u00e9unies autour de Catherine Sarniguet, 2\u00e8me Dan A\u00efkika\u00ef.<span class=\"Apple-converted-space\">\u00a0 <\/span>Elle a propos\u00e9 un travail bas\u00e9 sur 3 fondations de l\u2019a\u00efkido : Shise\u00ef, Kokyu et Kokyu Ryoku.<\/p>\n<p>Le <b>shisei<\/b>, sans qui aucune technique n\u2019est r\u00e9alisable. Il permet d\u2019adopter la posture n\u00e9cessaire \u00e0 l\u2019ex\u00e9cution des techniques.<\/p>\n<p>Le <b>kokyu<\/b> qui permet d\u2019avoir une respiration coh\u00e9rente dans la construction des techniques.<\/p>\n<p>Enfin, le <b>kokyu ryoku<\/b>, qui en plus de la respiration, permet d\u2019avoir la puissance de l\u2019\u00e9nergie n\u00e9cessaire dans la r\u00e9alisation des techniques. La puissance d\u00e9crite ici n\u2019a rien a voir avec la force physique. C\u2019est cette puissance dans l\u2019\u00e9nergie donn\u00e9e qui va donner la fluidit\u00e9 du geste.<\/p>\n<p>Commen\u00e7ant par un travail au bokken, les participants ont pu aborder la technique de coupe au sabre. L\u2019utilisation du bokken a permis \u00e0 Tori en possession de l\u2019arme, de conserver une posture<span class=\"Apple-converted-space\">\u00a0 <\/span>et d\u00e9velopper une coupe pr\u00e9cise.<\/p>\n<p>La m\u00eame technique a ensuite \u00e9t\u00e9 r\u00e9alis\u00e9e \u00e0 mains nues afin de mettre en exergue l\u2019exercice r\u00e9alis\u00e9 au bokken.<\/p>\n<p>Le travail s\u2019est intensifi\u00e9 \u00e0 mains nues, toujours en gyaku hanmi katatedori afin d\u2019int\u00e9grer le kokyu mais aussi l\u2019utilisation de la gravit\u00e9 afin de d\u00e9s\u00e9quilibrer le partenaire en douceur et sans contraintes physiques pour Tori.<\/p>\n<p>Enfin une derni\u00e8re technique, irimi nage a permis d\u2019introduire le kokyu ryoku en compl\u00e9ment de l\u2019inspiration et de l\u2019expiration (kokyu) afin de fluidifier le geste.<\/p>\n<p>Pour finir, un exercice de kokyu ho a \u00e9t\u00e9 propos\u00e9 permettant de mettre en application ces 3 fondations.<\/p>\n<p>A l\u2019issue du cours les participants \u00e0 cet interclubs\u00a0d\u00e9di\u00e9 \u00e0 Octobre Rose se sont retrouv\u00e9s autour d\u2019une auberge espagnol\u2026 C\u2019est aussi cela l\u2019esprit de l\u2019A\u00efkido, les clubs de Parentis et d\u2019Ychoux sont Shihan en la mati\u00e8re !<span class=\"Apple-converted-space\">\u00a0<\/span><\/p>\n<p>A tr\u00e8s bient\u00f4t sur le tatami !<\/p>\n<p>&nbsp;<\/p>\n<div id=\"attachment_240851\" style=\"width: 1034px\" class=\"wp-caption aligncenter\"><img loading=\"lazy\" decoding=\"async\" aria-describedby=\"caption-attachment-240851\" class=\"wp-image-240851 size-large\" src=\"https:\/\/aikido-ychoux.com\/wp-content\/uploads\/2024\/11\/WhatsApp-Image-2024-11-18-at-19.55.47-1024x768.jpeg\" alt=\"\" width=\"1024\" height=\"768\" srcset=\"https:\/\/aikido-ychoux.com\/wp-content\/uploads\/2024\/11\/WhatsApp-Image-2024-11-18-at-19.55.47-980x735.jpeg 980w, https:\/\/aikido-ychoux.com\/wp-content\/uploads\/2024\/11\/WhatsApp-Image-2024-11-18-at-19.55.47-480x360.jpeg 480w\" sizes=\"(min-width: 0px) and (max-width: 480px) 480px, (min-width: 481px) and (max-width: 980px) 980px, (min-width: 981px) 1024px, 100vw\" \/><p id=\"caption-attachment-240851\" class=\"wp-caption-text\">Remise du don \u00e0 l&rsquo;association Tomate et Cerise Roses ce lundi 18 novembre.<\/p><\/div>\n","protected":false},"excerpt":{"rendered":"<p>Contribution Catherine Sarniguet. Pour la premi\u00e8re fois, le mardi 29 octobre 2024, \u00e0 l\u2019initiative de l\u2019A\u00efkido Parentissois et du Budo Club Ychoussois, avait lieu au dojo de Parentis-en-Born une rencontre interclubs d\u2019a\u00efkido dans le cadre d\u2019Octobre Rose. \u00c9v\u00e9nement auquel les pratiquants des clubs voisins ont r\u00e9pondu pr\u00e9sents. Proposant une participation libre, la recette de cet [&hellip;]<\/p>\n","protected":false},"author":6,"featured_media":240851,"comment_status":"closed","ping_status":"closed","sticky":false,"template":"","format":"standard","meta":{"footnotes":""},"categories":[1],"tags":[],"class_list":["post-240848","post","type-post","status-publish","format-standard","has-post-thumbnail","hentry","category-non-classe"],"yoast_head":"<!-- This site is optimized with the Yoast SEO plugin v27.5 - https:\/\/yoast.com\/product\/yoast-seo-wordpress\/ -->\n<title>Les aikidoka mobilis\u00e9s pour Octobre Rose ! - A\u00efkido Ychoux<\/title>\n<meta name=\"robots\" content=\"index, follow, max-snippet:-1, max-image-preview:large, max-video-preview:-1\" \/>\n<link rel=\"canonical\" href=\"https:\/\/aikido-ychoux.com\/index.php\/2024\/11\/18\/les-aikidoka-mobilises-pour-octobre-rose\/\" \/>\n<meta property=\"og:locale\" content=\"fr_FR\" \/>\n<meta property=\"og:type\" content=\"article\" \/>\n<meta property=\"og:title\" content=\"Les aikidoka mobilis\u00e9s pour Octobre Rose ! - A\u00efkido Ychoux\" \/>\n<meta property=\"og:description\" content=\"Contribution Catherine Sarniguet. Pour la premi\u00e8re fois, le mardi 29 octobre 2024, \u00e0 l\u2019initiative de l\u2019A\u00efkido Parentissois et du Budo Club Ychoussois, avait lieu au dojo de Parentis-en-Born une rencontre interclubs d\u2019a\u00efkido dans le cadre d\u2019Octobre Rose. \u00c9v\u00e9nement auquel les pratiquants des clubs voisins ont r\u00e9pondu pr\u00e9sents. Proposant une participation libre, la recette de cet [&hellip;]\" \/>\n<meta property=\"og:url\" content=\"https:\/\/aikido-ychoux.com\/index.php\/2024\/11\/18\/les-aikidoka-mobilises-pour-octobre-rose\/\" \/>\n<meta property=\"og:site_name\" content=\"A\u00efkido Ychoux\" \/>\n<meta property=\"article:publisher\" content=\"https:\/\/www.facebook.com\/budoclubychoux\/\" \/>\n<meta property=\"article:published_time\" content=\"2024-11-18T19:12:20+00:00\" \/>\n<meta property=\"article:modified_time\" content=\"2024-11-18T19:15:06+00:00\" \/>\n<meta property=\"og:image\" content=\"https:\/\/aikido-ychoux.com\/wp-content\/uploads\/2024\/11\/WhatsApp-Image-2024-11-18-at-19.55.47.jpeg\" \/>\n\t<meta property=\"og:image:width\" content=\"1600\" \/>\n\t<meta property=\"og:image:height\" content=\"1200\" \/>\n\t<meta property=\"og:image:type\" content=\"image\/jpeg\" \/>\n<meta name=\"author\" content=\"L&#039;\u00e9quipe enseignante\" \/>\n<meta name=\"twitter:card\" content=\"summary_large_image\" \/>\n<meta name=\"twitter:label1\" content=\"\u00c9crit par\" \/>\n\t<meta name=\"twitter:data1\" content=\"L&#039;\u00e9quipe enseignante\" \/>\n\t<meta name=\"twitter:label2\" content=\"Dur\u00e9e de lecture estim\u00e9e\" \/>\n\t<meta name=\"twitter:data2\" content=\"3 minutes\" \/>\n<script type=\"application\/ld+json\" class=\"yoast-schema-graph\">{\"@context\":\"https:\\\/\\\/schema.org\",\"@graph\":[{\"@type\":\"Article\",\"@id\":\"https:\\\/\\\/aikido-ychoux.com\\\/index.php\\\/2024\\\/11\\\/18\\\/les-aikidoka-mobilises-pour-octobre-rose\\\/#article\",\"isPartOf\":{\"@id\":\"https:\\\/\\\/aikido-ychoux.com\\\/index.php\\\/2024\\\/11\\\/18\\\/les-aikidoka-mobilises-pour-octobre-rose\\\/\"},\"author\":{\"name\":\"L'\u00e9quipe enseignante\",\"@id\":\"https:\\\/\\\/aikido-ychoux.com\\\/#\\\/schema\\\/person\\\/37735b1e1cb02cd40944100f711941ba\"},\"headline\":\"Les aikidoka mobilis\u00e9s pour Octobre Rose !\",\"datePublished\":\"2024-11-18T19:12:20+00:00\",\"dateModified\":\"2024-11-18T19:15:06+00:00\",\"mainEntityOfPage\":{\"@id\":\"https:\\\/\\\/aikido-ychoux.com\\\/index.php\\\/2024\\\/11\\\/18\\\/les-aikidoka-mobilises-pour-octobre-rose\\\/\"},\"wordCount\":430,\"publisher\":{\"@id\":\"https:\\\/\\\/aikido-ychoux.com\\\/#organization\"},\"image\":{\"@id\":\"https:\\\/\\\/aikido-ychoux.com\\\/index.php\\\/2024\\\/11\\\/18\\\/les-aikidoka-mobilises-pour-octobre-rose\\\/#primaryimage\"},\"thumbnailUrl\":\"https:\\\/\\\/aikido-ychoux.com\\\/wp-content\\\/uploads\\\/2024\\\/11\\\/WhatsApp-Image-2024-11-18-at-19.55.47.jpeg\",\"inLanguage\":\"fr-FR\"},{\"@type\":\"WebPage\",\"@id\":\"https:\\\/\\\/aikido-ychoux.com\\\/index.php\\\/2024\\\/11\\\/18\\\/les-aikidoka-mobilises-pour-octobre-rose\\\/\",\"url\":\"https:\\\/\\\/aikido-ychoux.com\\\/index.php\\\/2024\\\/11\\\/18\\\/les-aikidoka-mobilises-pour-octobre-rose\\\/\",\"name\":\"Les aikidoka mobilis\u00e9s pour Octobre Rose ! - A\u00efkido Ychoux\",\"isPartOf\":{\"@id\":\"https:\\\/\\\/aikido-ychoux.com\\\/#website\"},\"primaryImageOfPage\":{\"@id\":\"https:\\\/\\\/aikido-ychoux.com\\\/index.php\\\/2024\\\/11\\\/18\\\/les-aikidoka-mobilises-pour-octobre-rose\\\/#primaryimage\"},\"image\":{\"@id\":\"https:\\\/\\\/aikido-ychoux.com\\\/index.php\\\/2024\\\/11\\\/18\\\/les-aikidoka-mobilises-pour-octobre-rose\\\/#primaryimage\"},\"thumbnailUrl\":\"https:\\\/\\\/aikido-ychoux.com\\\/wp-content\\\/uploads\\\/2024\\\/11\\\/WhatsApp-Image-2024-11-18-at-19.55.47.jpeg\",\"datePublished\":\"2024-11-18T19:12:20+00:00\",\"dateModified\":\"2024-11-18T19:15:06+00:00\",\"breadcrumb\":{\"@id\":\"https:\\\/\\\/aikido-ychoux.com\\\/index.php\\\/2024\\\/11\\\/18\\\/les-aikidoka-mobilises-pour-octobre-rose\\\/#breadcrumb\"},\"inLanguage\":\"fr-FR\",\"potentialAction\":[{\"@type\":\"ReadAction\",\"target\":[\"https:\\\/\\\/aikido-ychoux.com\\\/index.php\\\/2024\\\/11\\\/18\\\/les-aikidoka-mobilises-pour-octobre-rose\\\/\"]}]},{\"@type\":\"ImageObject\",\"inLanguage\":\"fr-FR\",\"@id\":\"https:\\\/\\\/aikido-ychoux.com\\\/index.php\\\/2024\\\/11\\\/18\\\/les-aikidoka-mobilises-pour-octobre-rose\\\/#primaryimage\",\"url\":\"https:\\\/\\\/aikido-ychoux.com\\\/wp-content\\\/uploads\\\/2024\\\/11\\\/WhatsApp-Image-2024-11-18-at-19.55.47.jpeg\",\"contentUrl\":\"https:\\\/\\\/aikido-ychoux.com\\\/wp-content\\\/uploads\\\/2024\\\/11\\\/WhatsApp-Image-2024-11-18-at-19.55.47.jpeg\",\"width\":1600,\"height\":1200},{\"@type\":\"BreadcrumbList\",\"@id\":\"https:\\\/\\\/aikido-ychoux.com\\\/index.php\\\/2024\\\/11\\\/18\\\/les-aikidoka-mobilises-pour-octobre-rose\\\/#breadcrumb\",\"itemListElement\":[{\"@type\":\"ListItem\",\"position\":1,\"name\":\"Accueil\",\"item\":\"https:\\\/\\\/aikido-ychoux.com\\\/\"},{\"@type\":\"ListItem\",\"position\":2,\"name\":\"Les aikidoka mobilis\u00e9s pour Octobre Rose !\"}]},{\"@type\":\"WebSite\",\"@id\":\"https:\\\/\\\/aikido-ychoux.com\\\/#website\",\"url\":\"https:\\\/\\\/aikido-ychoux.com\\\/\",\"name\":\"A\u00efkido Ychoux\",\"description\":\"Le site officiel du club d&#039;A\u00efkido de la ville d&#039;Ychoux\",\"publisher\":{\"@id\":\"https:\\\/\\\/aikido-ychoux.com\\\/#organization\"},\"potentialAction\":[{\"@type\":\"SearchAction\",\"target\":{\"@type\":\"EntryPoint\",\"urlTemplate\":\"https:\\\/\\\/aikido-ychoux.com\\\/?s={search_term_string}\"},\"query-input\":{\"@type\":\"PropertyValueSpecification\",\"valueRequired\":true,\"valueName\":\"search_term_string\"}}],\"inLanguage\":\"fr-FR\"},{\"@type\":\"Organization\",\"@id\":\"https:\\\/\\\/aikido-ychoux.com\\\/#organization\",\"name\":\"Budo Club Ychoussois\",\"url\":\"https:\\\/\\\/aikido-ychoux.com\\\/\",\"logo\":{\"@type\":\"ImageObject\",\"inLanguage\":\"fr-FR\",\"@id\":\"https:\\\/\\\/aikido-ychoux.com\\\/#\\\/schema\\\/logo\\\/image\\\/\",\"url\":\"https:\\\/\\\/aikido-ychoux.com\\\/wp-content\\\/uploads\\\/2017\\\/08\\\/cropped-cercleYchouxCOL.png\",\"contentUrl\":\"https:\\\/\\\/aikido-ychoux.com\\\/wp-content\\\/uploads\\\/2017\\\/08\\\/cropped-cercleYchouxCOL.png\",\"width\":512,\"height\":512,\"caption\":\"Budo Club Ychoussois\"},\"image\":{\"@id\":\"https:\\\/\\\/aikido-ychoux.com\\\/#\\\/schema\\\/logo\\\/image\\\/\"},\"sameAs\":[\"https:\\\/\\\/www.facebook.com\\\/budoclubychoux\\\/\"]},{\"@type\":\"Person\",\"@id\":\"https:\\\/\\\/aikido-ychoux.com\\\/#\\\/schema\\\/person\\\/37735b1e1cb02cd40944100f711941ba\",\"name\":\"L'\u00e9quipe enseignante\",\"image\":{\"@type\":\"ImageObject\",\"inLanguage\":\"fr-FR\",\"@id\":\"https:\\\/\\\/secure.gravatar.com\\\/avatar\\\/fb60c50d3ec4e14e39d70c1f733ee2acf859fdba99fb5e9690782b12e4ee92c8?s=96&d=mm&r=g\",\"url\":\"https:\\\/\\\/secure.gravatar.com\\\/avatar\\\/fb60c50d3ec4e14e39d70c1f733ee2acf859fdba99fb5e9690782b12e4ee92c8?s=96&d=mm&r=g\",\"contentUrl\":\"https:\\\/\\\/secure.gravatar.com\\\/avatar\\\/fb60c50d3ec4e14e39d70c1f733ee2acf859fdba99fb5e9690782b12e4ee92c8?s=96&d=mm&r=g\",\"caption\":\"L'\u00e9quipe enseignante\"},\"url\":\"https:\\\/\\\/aikido-ychoux.com\\\/index.php\\\/author\\\/benbod\\\/\"}]}<\/script>\n<!-- \/ Yoast SEO plugin. -->","yoast_head_json":{"title":"Les aikidoka mobilis\u00e9s pour Octobre Rose ! - A\u00efkido Ychoux","robots":{"index":"index","follow":"follow","max-snippet":"max-snippet:-1","max-image-preview":"max-image-preview:large","max-video-preview":"max-video-preview:-1"},"canonical":"https:\/\/aikido-ychoux.com\/index.php\/2024\/11\/18\/les-aikidoka-mobilises-pour-octobre-rose\/","og_locale":"fr_FR","og_type":"article","og_title":"Les aikidoka mobilis\u00e9s pour Octobre Rose ! - A\u00efkido Ychoux","og_description":"Contribution Catherine Sarniguet. Pour la premi\u00e8re fois, le mardi 29 octobre 2024, \u00e0 l\u2019initiative de l\u2019A\u00efkido Parentissois et du Budo Club Ychoussois, avait lieu au dojo de Parentis-en-Born une rencontre interclubs d\u2019a\u00efkido dans le cadre d\u2019Octobre Rose. \u00c9v\u00e9nement auquel les pratiquants des clubs voisins ont r\u00e9pondu pr\u00e9sents. Proposant une participation libre, la recette de cet [&hellip;]","og_url":"https:\/\/aikido-ychoux.com\/index.php\/2024\/11\/18\/les-aikidoka-mobilises-pour-octobre-rose\/","og_site_name":"A\u00efkido Ychoux","article_publisher":"https:\/\/www.facebook.com\/budoclubychoux\/","article_published_time":"2024-11-18T19:12:20+00:00","article_modified_time":"2024-11-18T19:15:06+00:00","og_image":[{"width":1600,"height":1200,"url":"https:\/\/aikido-ychoux.com\/wp-content\/uploads\/2024\/11\/WhatsApp-Image-2024-11-18-at-19.55.47.jpeg","type":"image\/jpeg"}],"author":"L'\u00e9quipe enseignante","twitter_card":"summary_large_image","twitter_misc":{"\u00c9crit par":"L'\u00e9quipe enseignante","Dur\u00e9e de lecture estim\u00e9e":"3 minutes"},"schema":{"@context":"https:\/\/schema.org","@graph":[{"@type":"Article","@id":"https:\/\/aikido-ychoux.com\/index.php\/2024\/11\/18\/les-aikidoka-mobilises-pour-octobre-rose\/#article","isPartOf":{"@id":"https:\/\/aikido-ychoux.com\/index.php\/2024\/11\/18\/les-aikidoka-mobilises-pour-octobre-rose\/"},"author":{"name":"L'\u00e9quipe enseignante","@id":"https:\/\/aikido-ychoux.com\/#\/schema\/person\/37735b1e1cb02cd40944100f711941ba"},"headline":"Les aikidoka mobilis\u00e9s pour Octobre Rose !","datePublished":"2024-11-18T19:12:20+00:00","dateModified":"2024-11-18T19:15:06+00:00","mainEntityOfPage":{"@id":"https:\/\/aikido-ychoux.com\/index.php\/2024\/11\/18\/les-aikidoka-mobilises-pour-octobre-rose\/"},"wordCount":430,"publisher":{"@id":"https:\/\/aikido-ychoux.com\/#organization"},"image":{"@id":"https:\/\/aikido-ychoux.com\/index.php\/2024\/11\/18\/les-aikidoka-mobilises-pour-octobre-rose\/#primaryimage"},"thumbnailUrl":"https:\/\/aikido-ychoux.com\/wp-content\/uploads\/2024\/11\/WhatsApp-Image-2024-11-18-at-19.55.47.jpeg","inLanguage":"fr-FR"},{"@type":"WebPage","@id":"https:\/\/aikido-ychoux.com\/index.php\/2024\/11\/18\/les-aikidoka-mobilises-pour-octobre-rose\/","url":"https:\/\/aikido-ychoux.com\/index.php\/2024\/11\/18\/les-aikidoka-mobilises-pour-octobre-rose\/","name":"Les aikidoka mobilis\u00e9s pour Octobre Rose ! - A\u00efkido Ychoux","isPartOf":{"@id":"https:\/\/aikido-ychoux.com\/#website"},"primaryImageOfPage":{"@id":"https:\/\/aikido-ychoux.com\/index.php\/2024\/11\/18\/les-aikidoka-mobilises-pour-octobre-rose\/#primaryimage"},"image":{"@id":"https:\/\/aikido-ychoux.com\/index.php\/2024\/11\/18\/les-aikidoka-mobilises-pour-octobre-rose\/#primaryimage"},"thumbnailUrl":"https:\/\/aikido-ychoux.com\/wp-content\/uploads\/2024\/11\/WhatsApp-Image-2024-11-18-at-19.55.47.jpeg","datePublished":"2024-11-18T19:12:20+00:00","dateModified":"2024-11-18T19:15:06+00:00","breadcrumb":{"@id":"https:\/\/aikido-ychoux.com\/index.php\/2024\/11\/18\/les-aikidoka-mobilises-pour-octobre-rose\/#breadcrumb"},"inLanguage":"fr-FR","potentialAction":[{"@type":"ReadAction","target":["https:\/\/aikido-ychoux.com\/index.php\/2024\/11\/18\/les-aikidoka-mobilises-pour-octobre-rose\/"]}]},{"@type":"ImageObject","inLanguage":"fr-FR","@id":"https:\/\/aikido-ychoux.com\/index.php\/2024\/11\/18\/les-aikidoka-mobilises-pour-octobre-rose\/#primaryimage","url":"https:\/\/aikido-ychoux.com\/wp-content\/uploads\/2024\/11\/WhatsApp-Image-2024-11-18-at-19.55.47.jpeg","contentUrl":"https:\/\/aikido-ychoux.com\/wp-content\/uploads\/2024\/11\/WhatsApp-Image-2024-11-18-at-19.55.47.jpeg","width":1600,"height":1200},{"@type":"BreadcrumbList","@id":"https:\/\/aikido-ychoux.com\/index.php\/2024\/11\/18\/les-aikidoka-mobilises-pour-octobre-rose\/#breadcrumb","itemListElement":[{"@type":"ListItem","position":1,"name":"Accueil","item":"https:\/\/aikido-ychoux.com\/"},{"@type":"ListItem","position":2,"name":"Les aikidoka mobilis\u00e9s pour Octobre Rose !"}]},{"@type":"WebSite","@id":"https:\/\/aikido-ychoux.com\/#website","url":"https:\/\/aikido-ychoux.com\/","name":"A\u00efkido Ychoux","description":"Le site officiel du club d&#039;A\u00efkido de la ville d&#039;Ychoux","publisher":{"@id":"https:\/\/aikido-ychoux.com\/#organization"},"potentialAction":[{"@type":"SearchAction","target":{"@type":"EntryPoint","urlTemplate":"https:\/\/aikido-ychoux.com\/?s={search_term_string}"},"query-input":{"@type":"PropertyValueSpecification","valueRequired":true,"valueName":"search_term_string"}}],"inLanguage":"fr-FR"},{"@type":"Organization","@id":"https:\/\/aikido-ychoux.com\/#organization","name":"Budo Club Ychoussois","url":"https:\/\/aikido-ychoux.com\/","logo":{"@type":"ImageObject","inLanguage":"fr-FR","@id":"https:\/\/aikido-ychoux.com\/#\/schema\/logo\/image\/","url":"https:\/\/aikido-ychoux.com\/wp-content\/uploads\/2017\/08\/cropped-cercleYchouxCOL.png","contentUrl":"https:\/\/aikido-ychoux.com\/wp-content\/uploads\/2017\/08\/cropped-cercleYchouxCOL.png","width":512,"height":512,"caption":"Budo Club Ychoussois"},"image":{"@id":"https:\/\/aikido-ychoux.com\/#\/schema\/logo\/image\/"},"sameAs":["https:\/\/www.facebook.com\/budoclubychoux\/"]},{"@type":"Person","@id":"https:\/\/aikido-ychoux.com\/#\/schema\/person\/37735b1e1cb02cd40944100f711941ba","name":"L'\u00e9quipe enseignante","image":{"@type":"ImageObject","inLanguage":"fr-FR","@id":"https:\/\/secure.gravatar.com\/avatar\/fb60c50d3ec4e14e39d70c1f733ee2acf859fdba99fb5e9690782b12e4ee92c8?s=96&d=mm&r=g","url":"https:\/\/secure.gravatar.com\/avatar\/fb60c50d3ec4e14e39d70c1f733ee2acf859fdba99fb5e9690782b12e4ee92c8?s=96&d=mm&r=g","contentUrl":"https:\/\/secure.gravatar.com\/avatar\/fb60c50d3ec4e14e39d70c1f733ee2acf859fdba99fb5e9690782b12e4ee92c8?s=96&d=mm&r=g","caption":"L'\u00e9quipe enseignante"},"url":"https:\/\/aikido-ychoux.com\/index.php\/author\/benbod\/"}]}},"_links":{"self":[{"href":"https:\/\/aikido-ychoux.com\/index.php\/wp-json\/wp\/v2\/posts\/240848","targetHints":{"allow":["GET"]}}],"collection":[{"href":"https:\/\/aikido-ychoux.com\/index.php\/wp-json\/wp\/v2\/posts"}],"about":[{"href":"https:\/\/aikido-ychoux.com\/index.php\/wp-json\/wp\/v2\/types\/post"}],"author":[{"embeddable":true,"href":"https:\/\/aikido-ychoux.com\/index.php\/wp-json\/wp\/v2\/users\/6"}],"replies":[{"embeddable":true,"href":"https:\/\/aikido-ychoux.com\/index.php\/wp-json\/wp\/v2\/comments?post=240848"}],"version-history":[{"count":6,"href":"https:\/\/aikido-ychoux.com\/index.php\/wp-json\/wp\/v2\/posts\/240848\/revisions"}],"predecessor-version":[{"id":240855,"href":"https:\/\/aikido-ychoux.com\/index.php\/wp-json\/wp\/v2\/posts\/240848\/revisions\/240855"}],"wp:featuredmedia":[{"embeddable":true,"href":"https:\/\/aikido-ychoux.com\/index.php\/wp-json\/wp\/v2\/media\/240851"}],"wp:attachment":[{"href":"https:\/\/aikido-ychoux.com\/index.php\/wp-json\/wp\/v2\/media?parent=240848"}],"wp:term":[{"taxonomy":"category","embeddable":true,"href":"https:\/\/aikido-ychoux.com\/index.php\/wp-json\/wp\/v2\/categories?post=240848"},{"taxonomy":"post_tag","embeddable":true,"href":"https:\/\/aikido-ychoux.com\/index.php\/wp-json\/wp\/v2\/tags?post=240848"}],"curies":[{"name":"wp","href":"https:\/\/api.w.org\/{rel}","templated":true}]}}