{"id":240835,"date":"2024-10-27T21:48:45","date_gmt":"2024-10-27T20:48:45","guid":{"rendered":"https:\/\/aikido-ychoux.com\/?p=240835"},"modified":"2024-10-27T21:48:45","modified_gmt":"2024-10-27T20:48:45","slug":"une-rentree-dynamique-pour-le-budo-club-ychoussois","status":"publish","type":"post","link":"https:\/\/aikido-ychoux.com\/index.php\/2024\/10\/27\/une-rentree-dynamique-pour-le-budo-club-ychoussois\/","title":{"rendered":"Une rentr\u00e9e dynamique pour le Budo Club Ychoussois !"},"content":{"rendered":"<p>Les premiers retours sur ce d\u00e9but de saison 2024-2025 sont particuli\u00e8rement encourageants et confirment le statut du Budo Club Ychoussois comme leader de l\u2019A\u00efkido dans les Landes mais aussi en Aquitaine.<span class=\"Apple-converted-space\">\u00a0<\/span><\/p>\n<p>Le club compte, depuis plusieurs ann\u00e9es, pas moins d\u2019une quarantaine de pratiquants de 7 \u00e0 77 ans, mais il s\u2019illustre aussi par le plus grand nombre de grad\u00e9s au-del\u00e0 de la ceinture noire. De plus, et fait unique en Aquitaine, les pratiquants enfants et adolescents repr\u00e9sentent toujours une part majeure des adh\u00e9rents pour la plus grande joie du club.<\/p>\n<p>Le Budo Club Ychoussois a ainsi d\u00fb se r\u00e9organiser et a ouvert cette ann\u00e9e de nouveaux cr\u00e9neaux d\u2019enseignement. Les professeurs proposent d\u00e9sormais des cours \u00e0 destination des enfants, des ados et des adultes, mais aussi des cours hebdomadaires sp\u00e9cifiques \u00e0 l\u2019\u00e9tude des armes A\u00efkiken et A\u00efkijo auxquels les pratiquants de tous niveaux sont convi\u00e9s.<\/p>\n<p>Les premi\u00e8res activit\u00e9s interclubs, d\u00e9partementales et r\u00e9gionales sont d\u00e9sormais programm\u00e9es et ont d\u00e9but\u00e9 rapidement fin septembre. Les pratiquants se sont d\u00e9j\u00e0 faits<span class=\"Apple-converted-space\">\u00a0 <\/span>remarquer lors du forum des associations de la commune, du stage de reprise co-organis\u00e9 \u00e0 domicile par le club et le Comit\u00e9 D\u00e9partemental d\u2019Aikido des Landes, la premi\u00e8re \u00e9cole des cadres de la Ligue d\u2019Aikido Nouvelle Aquitaine et le premier stage d\u00e9di\u00e9 \u00e0 la pratique des armes de l\u2019ann\u00e9e.<\/p>\n<p>La saison est maintenant bien lanc\u00e9e, les stages et autres interclubs vont rapidement se succ\u00e9der, pour notre plus grand plaisir !<\/p>\n<p>En attendant n\u2019h\u00e9sitez pas \u00e0 pousser la porte du dojo le plus proche de chez vous\u2026 Surtout si c\u2019est le n\u00f4tre !<\/p>\n<p>A tr\u00e8s bient\u00f4t sur nos tatamis !<\/p>\n","protected":false},"excerpt":{"rendered":"<p>Les premiers retours sur ce d\u00e9but de saison 2024-2025 sont particuli\u00e8rement encourageants et confirment le statut du Budo Club Ychoussois comme leader de l\u2019A\u00efkido dans les Landes mais aussi en Aquitaine.\u00a0 Le club compte, depuis plusieurs ann\u00e9es, pas moins d\u2019une quarantaine de pratiquants de 7 \u00e0 77 ans, mais il s\u2019illustre aussi par le plus [&hellip;]<\/p>\n","protected":false},"author":6,"featured_media":0,"comment_status":"closed","ping_status":"closed","sticky":false,"template":"","format":"standard","meta":{"footnotes":""},"categories":[1],"tags":[],"class_list":["post-240835","post","type-post","status-publish","format-standard","hentry","category-non-classe"],"yoast_head":"<!-- This site is optimized with the Yoast SEO plugin v27.5 - https:\/\/yoast.com\/product\/yoast-seo-wordpress\/ -->\n<title>Une rentr\u00e9e dynamique pour le Budo Club Ychoussois ! - A\u00efkido Ychoux<\/title>\n<meta name=\"robots\" content=\"index, follow, max-snippet:-1, max-image-preview:large, max-video-preview:-1\" \/>\n<link rel=\"canonical\" href=\"https:\/\/aikido-ychoux.com\/index.php\/2024\/10\/27\/une-rentree-dynamique-pour-le-budo-club-ychoussois\/\" \/>\n<meta property=\"og:locale\" content=\"fr_FR\" \/>\n<meta property=\"og:type\" content=\"article\" \/>\n<meta property=\"og:title\" content=\"Une rentr\u00e9e dynamique pour le Budo Club Ychoussois ! - A\u00efkido Ychoux\" \/>\n<meta property=\"og:description\" content=\"Les premiers retours sur ce d\u00e9but de saison 2024-2025 sont particuli\u00e8rement encourageants et confirment le statut du Budo Club Ychoussois comme leader de l\u2019A\u00efkido dans les Landes mais aussi en Aquitaine.\u00a0 Le club compte, depuis plusieurs ann\u00e9es, pas moins d\u2019une quarantaine de pratiquants de 7 \u00e0 77 ans, mais il s\u2019illustre aussi par le plus [&hellip;]\" \/>\n<meta property=\"og:url\" content=\"https:\/\/aikido-ychoux.com\/index.php\/2024\/10\/27\/une-rentree-dynamique-pour-le-budo-club-ychoussois\/\" \/>\n<meta property=\"og:site_name\" content=\"A\u00efkido Ychoux\" \/>\n<meta property=\"article:publisher\" content=\"https:\/\/www.facebook.com\/budoclubychoux\/\" \/>\n<meta property=\"article:published_time\" content=\"2024-10-27T20:48:45+00:00\" \/>\n<meta name=\"author\" content=\"L&#039;\u00e9quipe enseignante\" \/>\n<meta name=\"twitter:card\" content=\"summary_large_image\" \/>\n<meta name=\"twitter:label1\" content=\"\u00c9crit par\" \/>\n\t<meta name=\"twitter:data1\" content=\"L&#039;\u00e9quipe enseignante\" \/>\n\t<meta name=\"twitter:label2\" content=\"Dur\u00e9e de lecture estim\u00e9e\" \/>\n\t<meta name=\"twitter:data2\" content=\"2 minutes\" \/>\n<script type=\"application\/ld+json\" class=\"yoast-schema-graph\">{\"@context\":\"https:\\\/\\\/schema.org\",\"@graph\":[{\"@type\":\"Article\",\"@id\":\"https:\\\/\\\/aikido-ychoux.com\\\/index.php\\\/2024\\\/10\\\/27\\\/une-rentree-dynamique-pour-le-budo-club-ychoussois\\\/#article\",\"isPartOf\":{\"@id\":\"https:\\\/\\\/aikido-ychoux.com\\\/index.php\\\/2024\\\/10\\\/27\\\/une-rentree-dynamique-pour-le-budo-club-ychoussois\\\/\"},\"author\":{\"name\":\"L'\u00e9quipe enseignante\",\"@id\":\"https:\\\/\\\/aikido-ychoux.com\\\/#\\\/schema\\\/person\\\/37735b1e1cb02cd40944100f711941ba\"},\"headline\":\"Une rentr\u00e9e dynamique pour le Budo Club Ychoussois !\",\"datePublished\":\"2024-10-27T20:48:45+00:00\",\"mainEntityOfPage\":{\"@id\":\"https:\\\/\\\/aikido-ychoux.com\\\/index.php\\\/2024\\\/10\\\/27\\\/une-rentree-dynamique-pour-le-budo-club-ychoussois\\\/\"},\"wordCount\":306,\"publisher\":{\"@id\":\"https:\\\/\\\/aikido-ychoux.com\\\/#organization\"},\"inLanguage\":\"fr-FR\"},{\"@type\":\"WebPage\",\"@id\":\"https:\\\/\\\/aikido-ychoux.com\\\/index.php\\\/2024\\\/10\\\/27\\\/une-rentree-dynamique-pour-le-budo-club-ychoussois\\\/\",\"url\":\"https:\\\/\\\/aikido-ychoux.com\\\/index.php\\\/2024\\\/10\\\/27\\\/une-rentree-dynamique-pour-le-budo-club-ychoussois\\\/\",\"name\":\"Une rentr\u00e9e dynamique pour le Budo Club Ychoussois ! - A\u00efkido Ychoux\",\"isPartOf\":{\"@id\":\"https:\\\/\\\/aikido-ychoux.com\\\/#website\"},\"datePublished\":\"2024-10-27T20:48:45+00:00\",\"breadcrumb\":{\"@id\":\"https:\\\/\\\/aikido-ychoux.com\\\/index.php\\\/2024\\\/10\\\/27\\\/une-rentree-dynamique-pour-le-budo-club-ychoussois\\\/#breadcrumb\"},\"inLanguage\":\"fr-FR\",\"potentialAction\":[{\"@type\":\"ReadAction\",\"target\":[\"https:\\\/\\\/aikido-ychoux.com\\\/index.php\\\/2024\\\/10\\\/27\\\/une-rentree-dynamique-pour-le-budo-club-ychoussois\\\/\"]}]},{\"@type\":\"BreadcrumbList\",\"@id\":\"https:\\\/\\\/aikido-ychoux.com\\\/index.php\\\/2024\\\/10\\\/27\\\/une-rentree-dynamique-pour-le-budo-club-ychoussois\\\/#breadcrumb\",\"itemListElement\":[{\"@type\":\"ListItem\",\"position\":1,\"name\":\"Accueil\",\"item\":\"https:\\\/\\\/aikido-ychoux.com\\\/\"},{\"@type\":\"ListItem\",\"position\":2,\"name\":\"Une rentr\u00e9e dynamique pour le Budo Club Ychoussois !\"}]},{\"@type\":\"WebSite\",\"@id\":\"https:\\\/\\\/aikido-ychoux.com\\\/#website\",\"url\":\"https:\\\/\\\/aikido-ychoux.com\\\/\",\"name\":\"A\u00efkido Ychoux\",\"description\":\"Le site officiel du club d&#039;A\u00efkido de la ville d&#039;Ychoux\",\"publisher\":{\"@id\":\"https:\\\/\\\/aikido-ychoux.com\\\/#organization\"},\"potentialAction\":[{\"@type\":\"SearchAction\",\"target\":{\"@type\":\"EntryPoint\",\"urlTemplate\":\"https:\\\/\\\/aikido-ychoux.com\\\/?s={search_term_string}\"},\"query-input\":{\"@type\":\"PropertyValueSpecification\",\"valueRequired\":true,\"valueName\":\"search_term_string\"}}],\"inLanguage\":\"fr-FR\"},{\"@type\":\"Organization\",\"@id\":\"https:\\\/\\\/aikido-ychoux.com\\\/#organization\",\"name\":\"Budo Club Ychoussois\",\"url\":\"https:\\\/\\\/aikido-ychoux.com\\\/\",\"logo\":{\"@type\":\"ImageObject\",\"inLanguage\":\"fr-FR\",\"@id\":\"https:\\\/\\\/aikido-ychoux.com\\\/#\\\/schema\\\/logo\\\/image\\\/\",\"url\":\"https:\\\/\\\/aikido-ychoux.com\\\/wp-content\\\/uploads\\\/2017\\\/08\\\/cropped-cercleYchouxCOL.png\",\"contentUrl\":\"https:\\\/\\\/aikido-ychoux.com\\\/wp-content\\\/uploads\\\/2017\\\/08\\\/cropped-cercleYchouxCOL.png\",\"width\":512,\"height\":512,\"caption\":\"Budo Club Ychoussois\"},\"image\":{\"@id\":\"https:\\\/\\\/aikido-ychoux.com\\\/#\\\/schema\\\/logo\\\/image\\\/\"},\"sameAs\":[\"https:\\\/\\\/www.facebook.com\\\/budoclubychoux\\\/\"]},{\"@type\":\"Person\",\"@id\":\"https:\\\/\\\/aikido-ychoux.com\\\/#\\\/schema\\\/person\\\/37735b1e1cb02cd40944100f711941ba\",\"name\":\"L'\u00e9quipe enseignante\",\"image\":{\"@type\":\"ImageObject\",\"inLanguage\":\"fr-FR\",\"@id\":\"https:\\\/\\\/secure.gravatar.com\\\/avatar\\\/fb60c50d3ec4e14e39d70c1f733ee2acf859fdba99fb5e9690782b12e4ee92c8?s=96&d=mm&r=g\",\"url\":\"https:\\\/\\\/secure.gravatar.com\\\/avatar\\\/fb60c50d3ec4e14e39d70c1f733ee2acf859fdba99fb5e9690782b12e4ee92c8?s=96&d=mm&r=g\",\"contentUrl\":\"https:\\\/\\\/secure.gravatar.com\\\/avatar\\\/fb60c50d3ec4e14e39d70c1f733ee2acf859fdba99fb5e9690782b12e4ee92c8?s=96&d=mm&r=g\",\"caption\":\"L'\u00e9quipe enseignante\"},\"url\":\"https:\\\/\\\/aikido-ychoux.com\\\/index.php\\\/author\\\/benbod\\\/\"}]}<\/script>\n<!-- \/ Yoast SEO plugin. -->","yoast_head_json":{"title":"Une rentr\u00e9e dynamique pour le Budo Club Ychoussois ! - A\u00efkido Ychoux","robots":{"index":"index","follow":"follow","max-snippet":"max-snippet:-1","max-image-preview":"max-image-preview:large","max-video-preview":"max-video-preview:-1"},"canonical":"https:\/\/aikido-ychoux.com\/index.php\/2024\/10\/27\/une-rentree-dynamique-pour-le-budo-club-ychoussois\/","og_locale":"fr_FR","og_type":"article","og_title":"Une rentr\u00e9e dynamique pour le Budo Club Ychoussois ! - A\u00efkido Ychoux","og_description":"Les premiers retours sur ce d\u00e9but de saison 2024-2025 sont particuli\u00e8rement encourageants et confirment le statut du Budo Club Ychoussois comme leader de l\u2019A\u00efkido dans les Landes mais aussi en Aquitaine.\u00a0 Le club compte, depuis plusieurs ann\u00e9es, pas moins d\u2019une quarantaine de pratiquants de 7 \u00e0 77 ans, mais il s\u2019illustre aussi par le plus [&hellip;]","og_url":"https:\/\/aikido-ychoux.com\/index.php\/2024\/10\/27\/une-rentree-dynamique-pour-le-budo-club-ychoussois\/","og_site_name":"A\u00efkido Ychoux","article_publisher":"https:\/\/www.facebook.com\/budoclubychoux\/","article_published_time":"2024-10-27T20:48:45+00:00","author":"L'\u00e9quipe enseignante","twitter_card":"summary_large_image","twitter_misc":{"\u00c9crit par":"L'\u00e9quipe enseignante","Dur\u00e9e de lecture estim\u00e9e":"2 minutes"},"schema":{"@context":"https:\/\/schema.org","@graph":[{"@type":"Article","@id":"https:\/\/aikido-ychoux.com\/index.php\/2024\/10\/27\/une-rentree-dynamique-pour-le-budo-club-ychoussois\/#article","isPartOf":{"@id":"https:\/\/aikido-ychoux.com\/index.php\/2024\/10\/27\/une-rentree-dynamique-pour-le-budo-club-ychoussois\/"},"author":{"name":"L'\u00e9quipe enseignante","@id":"https:\/\/aikido-ychoux.com\/#\/schema\/person\/37735b1e1cb02cd40944100f711941ba"},"headline":"Une rentr\u00e9e dynamique pour le Budo Club Ychoussois !","datePublished":"2024-10-27T20:48:45+00:00","mainEntityOfPage":{"@id":"https:\/\/aikido-ychoux.com\/index.php\/2024\/10\/27\/une-rentree-dynamique-pour-le-budo-club-ychoussois\/"},"wordCount":306,"publisher":{"@id":"https:\/\/aikido-ychoux.com\/#organization"},"inLanguage":"fr-FR"},{"@type":"WebPage","@id":"https:\/\/aikido-ychoux.com\/index.php\/2024\/10\/27\/une-rentree-dynamique-pour-le-budo-club-ychoussois\/","url":"https:\/\/aikido-ychoux.com\/index.php\/2024\/10\/27\/une-rentree-dynamique-pour-le-budo-club-ychoussois\/","name":"Une rentr\u00e9e dynamique pour le Budo Club Ychoussois ! - A\u00efkido Ychoux","isPartOf":{"@id":"https:\/\/aikido-ychoux.com\/#website"},"datePublished":"2024-10-27T20:48:45+00:00","breadcrumb":{"@id":"https:\/\/aikido-ychoux.com\/index.php\/2024\/10\/27\/une-rentree-dynamique-pour-le-budo-club-ychoussois\/#breadcrumb"},"inLanguage":"fr-FR","potentialAction":[{"@type":"ReadAction","target":["https:\/\/aikido-ychoux.com\/index.php\/2024\/10\/27\/une-rentree-dynamique-pour-le-budo-club-ychoussois\/"]}]},{"@type":"BreadcrumbList","@id":"https:\/\/aikido-ychoux.com\/index.php\/2024\/10\/27\/une-rentree-dynamique-pour-le-budo-club-ychoussois\/#breadcrumb","itemListElement":[{"@type":"ListItem","position":1,"name":"Accueil","item":"https:\/\/aikido-ychoux.com\/"},{"@type":"ListItem","position":2,"name":"Une rentr\u00e9e dynamique pour le Budo Club Ychoussois !"}]},{"@type":"WebSite","@id":"https:\/\/aikido-ychoux.com\/#website","url":"https:\/\/aikido-ychoux.com\/","name":"A\u00efkido Ychoux","description":"Le site officiel du club d&#039;A\u00efkido de la ville d&#039;Ychoux","publisher":{"@id":"https:\/\/aikido-ychoux.com\/#organization"},"potentialAction":[{"@type":"SearchAction","target":{"@type":"EntryPoint","urlTemplate":"https:\/\/aikido-ychoux.com\/?s={search_term_string}"},"query-input":{"@type":"PropertyValueSpecification","valueRequired":true,"valueName":"search_term_string"}}],"inLanguage":"fr-FR"},{"@type":"Organization","@id":"https:\/\/aikido-ychoux.com\/#organization","name":"Budo Club Ychoussois","url":"https:\/\/aikido-ychoux.com\/","logo":{"@type":"ImageObject","inLanguage":"fr-FR","@id":"https:\/\/aikido-ychoux.com\/#\/schema\/logo\/image\/","url":"https:\/\/aikido-ychoux.com\/wp-content\/uploads\/2017\/08\/cropped-cercleYchouxCOL.png","contentUrl":"https:\/\/aikido-ychoux.com\/wp-content\/uploads\/2017\/08\/cropped-cercleYchouxCOL.png","width":512,"height":512,"caption":"Budo Club Ychoussois"},"image":{"@id":"https:\/\/aikido-ychoux.com\/#\/schema\/logo\/image\/"},"sameAs":["https:\/\/www.facebook.com\/budoclubychoux\/"]},{"@type":"Person","@id":"https:\/\/aikido-ychoux.com\/#\/schema\/person\/37735b1e1cb02cd40944100f711941ba","name":"L'\u00e9quipe enseignante","image":{"@type":"ImageObject","inLanguage":"fr-FR","@id":"https:\/\/secure.gravatar.com\/avatar\/fb60c50d3ec4e14e39d70c1f733ee2acf859fdba99fb5e9690782b12e4ee92c8?s=96&d=mm&r=g","url":"https:\/\/secure.gravatar.com\/avatar\/fb60c50d3ec4e14e39d70c1f733ee2acf859fdba99fb5e9690782b12e4ee92c8?s=96&d=mm&r=g","contentUrl":"https:\/\/secure.gravatar.com\/avatar\/fb60c50d3ec4e14e39d70c1f733ee2acf859fdba99fb5e9690782b12e4ee92c8?s=96&d=mm&r=g","caption":"L'\u00e9quipe enseignante"},"url":"https:\/\/aikido-ychoux.com\/index.php\/author\/benbod\/"}]}},"_links":{"self":[{"href":"https:\/\/aikido-ychoux.com\/index.php\/wp-json\/wp\/v2\/posts\/240835","targetHints":{"allow":["GET"]}}],"collection":[{"href":"https:\/\/aikido-ychoux.com\/index.php\/wp-json\/wp\/v2\/posts"}],"about":[{"href":"https:\/\/aikido-ychoux.com\/index.php\/wp-json\/wp\/v2\/types\/post"}],"author":[{"embeddable":true,"href":"https:\/\/aikido-ychoux.com\/index.php\/wp-json\/wp\/v2\/users\/6"}],"replies":[{"embeddable":true,"href":"https:\/\/aikido-ychoux.com\/index.php\/wp-json\/wp\/v2\/comments?post=240835"}],"version-history":[{"count":1,"href":"https:\/\/aikido-ychoux.com\/index.php\/wp-json\/wp\/v2\/posts\/240835\/revisions"}],"predecessor-version":[{"id":240836,"href":"https:\/\/aikido-ychoux.com\/index.php\/wp-json\/wp\/v2\/posts\/240835\/revisions\/240836"}],"wp:attachment":[{"href":"https:\/\/aikido-ychoux.com\/index.php\/wp-json\/wp\/v2\/media?parent=240835"}],"wp:term":[{"taxonomy":"category","embeddable":true,"href":"https:\/\/aikido-ychoux.com\/index.php\/wp-json\/wp\/v2\/categories?post=240835"},{"taxonomy":"post_tag","embeddable":true,"href":"https:\/\/aikido-ychoux.com\/index.php\/wp-json\/wp\/v2\/tags?post=240835"}],"curies":[{"name":"wp","href":"https:\/\/api.w.org\/{rel}","templated":true}]}}