{"id":240412,"date":"2024-04-10T22:13:04","date_gmt":"2024-04-10T20:13:04","guid":{"rendered":"https:\/\/aikido-ychoux.com\/?p=240412"},"modified":"2024-04-10T22:13:23","modified_gmt":"2024-04-10T20:13:23","slug":"un-mois-de-mars-riche-pour-le-budo-club-ychoussois","status":"publish","type":"post","link":"https:\/\/aikido-ychoux.com\/index.php\/2024\/04\/10\/un-mois-de-mars-riche-pour-le-budo-club-ychoussois\/","title":{"rendered":"Un mois de mars riche pour le Budo Club Ychoussois !"},"content":{"rendered":"<div class=\"et_d4_element et_pb_section et_pb_section_0  et_pb_css_mix_blend_mode et_section_regular et_block_section\" >\n\t\t\t\t\n\t\t\t\t\n\t\t\t\t\n\t\t\t\t\n\t\t\t\t\n\t\t\t\t\n\t\t\t\t<div class=\"et_d4_element et_pb_row et_pb_row_0  et_pb_css_mix_blend_mode et_block_row\">\n\t\t\t\t<div class=\"et_d4_element et_pb_column_4_4 et_pb_column et_pb_column_0  et_pb_css_mix_blend_mode et-last-child et_block_column\">\n\t\t\t\t\n\t\t\t\t\n\t\t\t\t\n\t\t\t\t\n\t\t\t\t<div class=\"et_pb_module et_d4_element et_pb_text et_pb_text_0  et_pb_text_align_left et_pb_bg_layout_light\">\n\t\t\t\t\n\t\t\t\t\n\t\t\t\t\n\t\t\t\t\n\t\t\t\t<div class=\"et_pb_text_inner\"><p>Le mois de mars lance l\u2019arriv\u00e9e du printemps et la fin de la saison hivernale, souvent marqu\u00e9e par<br \/>une forte tendance \u00e0 rester bien au chaud chez soi.. \u00e0 d\u00e9serter les tatamis...<br \/>Mais cela ne fait pas partie des habitudes des pratiquants du BudoClub Ychoussois !<br \/>Aussi, le programme de ce mois de mars a \u00e9t\u00e9 riche tant techniquement qu\u2019humainement...<br \/>Les cours et les pr\u00e9parations d\u2019examens Dan se succ\u00e8dent \u00e0 un rythme soutenu !<br \/>N\u00e9anmoins, les pratiquants restent mobilis\u00e9s et assistent aux manifestations propos\u00e9es par la<br \/>FFAB, la ligue Nouvelle Aquitaine d\u2019A\u00efkido et de Budo ainsi que le comit\u00e9 d\u00e9partemental des<br \/>Landes.<\/p>\n<p>&nbsp;<\/p>\n<p>&nbsp;<\/p><\/div>\n\t\t\t<\/div><div class=\"et_pb_module et_d4_element dsm_perspective_image dsm_perspective_image_0\">\n\t\t\t\t\n\t\t\t\t\n\t\t\t\t\n\t\t\t\t\n\t\t\t\t\n\t\t\t\t\n\t\t\t\t<div class=\"et_pb_module_inner\">\n\t\t\t\t\t<div class=\"dsm-perspective-image-wrapper et_always_center_on_mobile\">\n\t\t\t\t\n\t\t\t\t\n\t\t\t\t<span class=\"et_pb_image_wrap \"><img decoding=\"async\" src=\"https:\/\/aikido-ychoux.com\/wp-content\/uploads\/2024\/04\/PXL_20240330_135801666-1024x771.jpg\" alt=\"\" title=\"PXL_20240330_135801666\" \/><\/span>\n\t\t\t<\/div>\n\t\t\t\t<\/div>\n\t\t\t<\/div><div class=\"et_pb_module et_d4_element et_pb_text et_pb_text_1  et_pb_text_align_left et_pb_bg_layout_light\">\n\t\t\t\t\n\t\t\t\t\n\t\t\t\t\n\t\t\t\t\n\t\t\t\t<div class=\"et_pb_text_inner\"><p>&nbsp;<\/p>\n<p>Les journ\u00e9es portes ouvertes, organis\u00e9es par la FFAB \u00e0 l\u2019occasion de la journ\u00e9e internationale des<br \/>droits des Femmes du 2 au 17 mars, nous ont permis d\u2019organiser trois cours, dont un \u00e0<br \/>destination des parents de nos jeunes adh\u00e9rents : un cours Adultes \/ Enfants vraiment int\u00e9ressant<br \/>mettant en avant la martialit\u00e9 et l\u2019efficacit\u00e9 de l\u2019A\u00efkido sans utilisation de la force, anim\u00e9 par<br \/>Florian Belot, enseignant au sein du club ! Nos jeunes adh\u00e9rents \u00e9taient fiers de partager leur<br \/>exp\u00e9rience avec leurs parents.<br \/>Grace \u00e0 ce dispositif, nous avons le plaisir d\u2019accueillir deux nouvelles adh\u00e9rentes adultes.<br \/>Bienvenue \u00e0 Heidi et Camille !<\/p>\n<p>L\u2019\u00e9cole des cadres et la pr\u00e9paration aux grades Dan tenues le 9 avril ont \u00e9t\u00e9 l\u2019occasion pour les<br \/>candidats de se mettre \u00e0 l\u2019\u00e9preuve. Une mise en situation riche en enseignements !<br \/>Le 16 et 17 mars a eu lieu le stage de ligue co-dirig\u00e9 par Luc Bouchareu Shihan CEN 7e Dan<br \/>Aikika\u00ef et Hubert Audra CEN 6e Dan Aikika\u00ef. Ravis de retrouver cette ann\u00e9e, Luc et sa pratique<br \/>franche, nous avons \u00e9t\u00e9 tr\u00e8s heureux d\u2019avoir fait la connaissance d\u2019Hubert dont le travail s\u2019est<br \/>r\u00e9v\u00e9l\u00e9 tr\u00e8s pr\u00e9cis. Au programme de ce stage, IRIMI ou comment prendre le centre et l\u2019ascendant<br \/>sur A\u00efte. Merci \u00e0 eux pour leur apport technique et humain !<\/p>\n<p>&nbsp;<\/p>\n<p>&nbsp;<\/p><\/div>\n\t\t\t<\/div><div class=\"et_pb_module et_d4_element dsm_perspective_image dsm_perspective_image_1\">\n\t\t\t\t\n\t\t\t\t\n\t\t\t\t\n\t\t\t\t\n\t\t\t\t\n\t\t\t\t\n\t\t\t\t<div class=\"et_pb_module_inner\">\n\t\t\t\t\t<div class=\"dsm-perspective-image-wrapper et_always_center_on_mobile\">\n\t\t\t\t\n\t\t\t\t\n\t\t\t\t<span class=\"et_pb_image_wrap \"><img decoding=\"async\" src=\"https:\/\/aikido-ychoux.com\/wp-content\/uploads\/2024\/04\/431490670_936349058181795_7796710421504783519_n-1024x683.jpg\" alt=\"\" title=\"431490670_936349058181795_7796710421504783519_n\" \/><\/span>\n\t\t\t<\/div>\n\t\t\t\t<\/div>\n\t\t\t<\/div><div class=\"et_pb_module et_d4_element et_pb_text et_pb_text_2  et_pb_text_align_left et_pb_bg_layout_light\">\n\t\t\t\t\n\t\t\t\t\n\t\t\t\t\n\t\t\t\t\n\t\t\t\t<div class=\"et_pb_text_inner\"><p>&nbsp;<\/p>\n<p>&nbsp;<\/p>\n<p>&nbsp;<\/p>\n<p>L\u2019interclub du 19 mars a regroup\u00e9 les clubs d\u2019Arcachon, Gujan, Parentis, Ychoux et les aikidokas<br \/>organisateurs du club de La Teste de Buch dans le dojo de Cazaux nouvellement r\u00e9habilit\u00e9.<br \/>Merci Charlie pour l\u2019accueil et la proposition technique qui, sans le savoir, a cr\u00e9\u00e9 du lien avec nos<br \/>activit\u00e9s f\u00e9d\u00e9rales !<\/p>\n<p>Enfin, lors du stage priv\u00e9 du 30 mars, Fr\u00e9deric Rolland 5e Dan Aikika\u00ef, \u00e9l\u00e8ve direct de Luis<br \/>Antunes Shihan 7e Dan Aikika\u00ef, nous a fait profiter de ses connaissances techniques. Nous avons explor\u00e9, au cours de la matin\u00e9e, le lien entre le Jo et le travail \u00e0 main nue en ryote dori. L\u2019apr\u00e8s-<br \/>midi a \u00e9t\u00e9 consacr\u00e9e \u00e0 l\u2019apprentissage d\u2019un kata de Jo, parfait pour forger le corps et l\u2019esprit !<\/p>\n<p>A croire que les diff\u00e9rents intervenants s\u2019\u00e9taient donn\u00e9s le mot tant leurs propositions \u00e9taient li\u00e9es<br \/>!<br \/>Nous avons ainsi pu approfondir au cours de ces manifestations, de nombreuses fondations... et<br \/>dans le d\u00e9tail ! Shise\u00ef, Irimi, Ma-a\u00ef, Ta\u00ef Sabaki ou encore Kokyu Ryoku ont guid\u00e9 nos journ\u00e9es de<br \/>pratique et les discussions qui ont suivi.<br \/>Nous attendons avec h\u00e2te les prochaines activit\u00e9s programm\u00e9es pour le printemps !<\/p>\n<p>A venir :<br \/>\u2022 l\u2019\u00e9cole des cadres et la pr\u00e9paration de grade \u00e0 Saintes le 6 avril,<br \/>\u2022 la rencontre interclubs \u00ab enfants \u00bb \u00e0 Mimizan le 7 avril,<br \/>\u2022 la rencontre interclubs \u00ab adultes \u00bb \u00e0 Arcachon chez Philippe Gayraud le 11 avril,<br \/>\u2022 le stage CEN, anim\u00e9 par Michel Benard 6e dan \u00e0 Mont de Marsan le 13 avril et la visite de<br \/>Germain Chamot \u00e0 Talence ce m\u00eame weekend,<br \/>\u2022 la pr\u00e9paration de grade du vendredi 19 avril o\u00f9 nous recevrons les amis du Bouscat et de<br \/>Mont de Marsan,<br \/>\u2022 le stage PSC1 du 27 avril,<br \/>\u2022 le stage organis\u00e9 par le club d\u2019Arcachon co-anim\u00e9 par Fr\u00e9d\u00e9ric Rolland et Denis Micoulas le<br \/>28 avril.<\/p><\/div>\n\t\t\t<\/div><div class=\"et_pb_module et_d4_element dsm_perspective_image dsm_perspective_image_2\">\n\t\t\t\t\n\t\t\t\t\n\t\t\t\t\n\t\t\t\t\n\t\t\t\t\n\t\t\t\t\n\t\t\t\t<div class=\"et_pb_module_inner\">\n\t\t\t\t\t<div class=\"dsm-perspective-image-wrapper et_always_center_on_mobile\">\n\t\t\t\t\n\t\t\t\t\n\t\t\t\t<span class=\"et_pb_image_wrap \"><img decoding=\"async\" src=\"https:\/\/aikido-ychoux.com\/wp-content\/uploads\/2024\/04\/PXL_20240330_110003401.MP_-scaled.jpg\" alt=\"\" title=\"PXL_20240330_110003401.MP\" \/><\/span>\n\t\t\t<\/div>\n\t\t\t\t<\/div>\n\t\t\t<\/div>\n\t\t\t<\/div>\n\t\t\t\t\n\t\t\t\t\n\t\t\t\t\n\t\t\t\t\n\t\t\t<\/div>\n\t\t\t\t\n\t\t\t\t\n\t\t\t<\/div>\n","protected":false},"excerpt":{"rendered":"","protected":false},"author":7,"featured_media":240416,"comment_status":"closed","ping_status":"closed","sticky":false,"template":"","format":"standard","meta":{"_et_pb_use_builder":"on","_et_pb_old_content":"<p>Le mois de mars lance l\u2019arriv\u00e9e du printemps et la fin de la saison hivernale, souvent marqu\u00e9e par<br \/>une forte tendance \u00e0 rester bien au chaud chez soi.. \u00e0 d\u00e9serter les tatamis...<br \/>Mais cela ne fait pas partie des habitudes des pratiquants du BudoClub Ychoussois !<br \/>Aussi, le programme de ce mois de mars a \u00e9t\u00e9 riche tant techniquement qu\u2019humainement...<br \/>Les cours et les pr\u00e9parations d\u2019examens Dan se succ\u00e8dent \u00e0 un rythme soutenu !<br \/>N\u00e9anmoins, les pratiquants restent mobilis\u00e9s et assistent aux manifestations propos\u00e9es par la<br \/>FFAB, la ligue Nouvelle Aquitaine d\u2019A\u00efkido et de Budo ainsi que le comit\u00e9 d\u00e9partemental des<br \/>Landes.<\/p><p>Les journ\u00e9es portes ouvertes, organis\u00e9es par la FFAB \u00e0 l\u2019occasion de la journ\u00e9e internationale des<br \/>droits des Femmes du 2 au 17 mars, nous ont permis d\u2019organiser trois cours, dont un \u00e0<br \/>destination des parents de nos jeunes adh\u00e9rents : un cours Adultes \/ Enfants vraiment int\u00e9ressant<br \/>mettant en avant la martialit\u00e9 et l\u2019efficacit\u00e9 de l\u2019A\u00efkido sans utilisation de la force, anim\u00e9 par<br \/>Florian Belot, enseignant au sein du club ! Nos jeunes adh\u00e9rents \u00e9taient fiers de partager leur<br \/>exp\u00e9rience avec leurs parents.<br \/>Grace \u00e0 ce dispositif, nous avons le plaisir d\u2019accueillir deux nouvelles adh\u00e9rentes adultes.<br \/>Bienvenue \u00e0 Heidi et Camille !<br \/>L\u2019\u00e9cole des cadres et la pr\u00e9paration aux grades Dan tenues le 9 avril ont \u00e9t\u00e9 l\u2019occasion pour les<br \/>candidats de se mettre \u00e0 l\u2019\u00e9preuve. Une mise en situation riche en enseignements !<br \/>Le 16 et 17 mars a eu lieu le stage de ligue co-dirig\u00e9 par Luc Bouchareu Shihan CEN 7e Dan<br \/>Aikika\u00ef et Hubert Audra CEN 6e Dan Aikika\u00ef. Ravis de retrouver cette ann\u00e9e, Luc et sa pratique<br \/>franche, nous avons \u00e9t\u00e9 tr\u00e8s heureux d\u2019avoir fait la connaissance d\u2019Hubert dont le travail s\u2019est<br \/>r\u00e9v\u00e9l\u00e9 tr\u00e8s pr\u00e9cis. Au programme de ce stage, IRIMI ou comment prendre le centre et l\u2019ascendant<br \/>sur A\u00efte. Merci \u00e0 eux pour leur apport technique et humain !<\/p><p>L\u2019interclub du 19 mars a regroup\u00e9 les clubs d\u2019Arcachon, Gujan, Parentis, Ychoux et les aikidokas<br \/>organisateurs du club de La Teste de Buch dans le dojo de Cazaux nouvellement r\u00e9habilit\u00e9.<br \/>Merci Charlie pour l\u2019accueil et la proposition technique qui, sans le savoir, a cr\u00e9\u00e9 du lien avec nos<br \/>activit\u00e9s f\u00e9d\u00e9rales !<\/p><p>Enfin, lors du stage priv\u00e9 du 30 mars, Fr\u00e9deric Rolland 5e Dan Aikika\u00ef, \u00e9l\u00e8ve direct de Luis<br \/>Antunes Shihan 7e Dan Aikika\u00ef, nous a fait profiter de ses connaissances techniques. Nous avons explor\u00e9, au cours de la matin\u00e9e, le lien entre le Jo et le travail \u00e0 main nue en ryote dori. L\u2019apr\u00e8s-<br \/>midi a \u00e9t\u00e9 consacr\u00e9e \u00e0 l\u2019apprentissage d\u2019un kata de Jo, parfait pour forger le corps et l\u2019esprit !<\/p><p>A croire que les diff\u00e9rents intervenants s\u2019\u00e9taient donn\u00e9s le mot tant leurs propositions \u00e9taient li\u00e9es<br \/>!<br \/>Nous avons ainsi pu approfondir au cours de ces manifestations, de nombreuses fondations... et<br \/>dans le d\u00e9tail ! Shise\u00ef, Irimi, Ma-a\u00ef, Ta\u00ef Sabaki ou encore Kokyu Ryoku ont guid\u00e9 nos journ\u00e9es de<br \/>pratique et les discussions qui ont suivi.<br \/>Nous attendons avec h\u00e2te les prochaines activit\u00e9s programm\u00e9es pour le printemps !<\/p><p>A venir :<br \/>\u2022 l\u2019\u00e9cole des cadres et la pr\u00e9paration de grade \u00e0 Saintes le 6 avril,<br \/>\u2022 la rencontre interclubs \u00ab enfants \u00bb \u00e0 Mimizan le 7 avril,<br \/>\u2022 la rencontre interclubs \u00ab adultes \u00bb \u00e0 Arcachon chez Philippe Gayraud le 11 avril,<br \/>\u2022 le stage CEN, anim\u00e9 par Michel Benard 6e dan \u00e0 Mont de Marsan le 13 avril et la visite de<br \/>Germain Chamot \u00e0 Talence ce m\u00eame weekend,<br \/>\u2022 la pr\u00e9paration de grade du vendredi 19 avril o\u00f9 nous recevrons les amis du Bouscat et de<br \/>Mont de Marsan,<br \/>\u2022 le stage PSC1 du 27 avril,<br \/>\u2022 le stage organis\u00e9 par le club d\u2019Arcachon co-anim\u00e9 par Fr\u00e9d\u00e9ric Rolland et Denis Micoulas le<br \/>28 avril.<\/p>","_et_gb_content_width":"","footnotes":""},"categories":[1],"tags":[],"class_list":["post-240412","post","type-post","status-publish","format-standard","has-post-thumbnail","hentry","category-non-classe"],"yoast_head":"<!-- This site is optimized with the Yoast SEO plugin v27.5 - https:\/\/yoast.com\/product\/yoast-seo-wordpress\/ -->\n<title>Un mois de mars riche pour le Budo Club Ychoussois ! - A\u00efkido Ychoux<\/title>\n<meta name=\"robots\" content=\"index, follow, max-snippet:-1, max-image-preview:large, max-video-preview:-1\" \/>\n<link rel=\"canonical\" href=\"https:\/\/aikido-ychoux.com\/index.php\/2024\/04\/10\/un-mois-de-mars-riche-pour-le-budo-club-ychoussois\/\" \/>\n<meta property=\"og:locale\" content=\"fr_FR\" \/>\n<meta property=\"og:type\" content=\"article\" \/>\n<meta property=\"og:title\" content=\"Un mois de mars riche pour le Budo Club Ychoussois ! - A\u00efkido Ychoux\" \/>\n<meta property=\"og:url\" content=\"https:\/\/aikido-ychoux.com\/index.php\/2024\/04\/10\/un-mois-de-mars-riche-pour-le-budo-club-ychoussois\/\" \/>\n<meta property=\"og:site_name\" content=\"A\u00efkido Ychoux\" \/>\n<meta property=\"article:publisher\" content=\"https:\/\/www.facebook.com\/budoclubychoux\/\" \/>\n<meta property=\"article:published_time\" content=\"2024-04-10T20:13:04+00:00\" \/>\n<meta property=\"article:modified_time\" content=\"2024-04-10T20:13:23+00:00\" \/>\n<meta property=\"og:image\" content=\"https:\/\/aikido-ychoux.com\/wp-content\/uploads\/2024\/04\/431169930_936349481515086_2580192144469680112_n.jpg\" \/>\n\t<meta property=\"og:image:width\" content=\"2048\" \/>\n\t<meta property=\"og:image:height\" content=\"1365\" \/>\n\t<meta property=\"og:image:type\" content=\"image\/jpeg\" \/>\n<meta name=\"author\" content=\"Marina Ducos\" \/>\n<meta name=\"twitter:card\" content=\"summary_large_image\" \/>\n<meta name=\"twitter:label1\" content=\"\u00c9crit par\" \/>\n\t<meta name=\"twitter:data1\" content=\"Marina Ducos\" \/>\n\t<meta name=\"twitter:label2\" content=\"Dur\u00e9e de lecture estim\u00e9e\" \/>\n\t<meta name=\"twitter:data2\" content=\"4 minutes\" \/>\n<script type=\"application\/ld+json\" class=\"yoast-schema-graph\">{\"@context\":\"https:\\\/\\\/schema.org\",\"@graph\":[{\"@type\":\"Article\",\"@id\":\"https:\\\/\\\/aikido-ychoux.com\\\/index.php\\\/2024\\\/04\\\/10\\\/un-mois-de-mars-riche-pour-le-budo-club-ychoussois\\\/#article\",\"isPartOf\":{\"@id\":\"https:\\\/\\\/aikido-ychoux.com\\\/index.php\\\/2024\\\/04\\\/10\\\/un-mois-de-mars-riche-pour-le-budo-club-ychoussois\\\/\"},\"author\":{\"name\":\"Marina Ducos\",\"@id\":\"https:\\\/\\\/aikido-ychoux.com\\\/#\\\/schema\\\/person\\\/37287961ad72e97436d7b9626ad02e7b\"},\"headline\":\"Un mois de mars riche pour le Budo Club Ychoussois !\",\"datePublished\":\"2024-04-10T20:13:04+00:00\",\"dateModified\":\"2024-04-10T20:13:23+00:00\",\"mainEntityOfPage\":{\"@id\":\"https:\\\/\\\/aikido-ychoux.com\\\/index.php\\\/2024\\\/04\\\/10\\\/un-mois-de-mars-riche-pour-le-budo-club-ychoussois\\\/\"},\"wordCount\":906,\"publisher\":{\"@id\":\"https:\\\/\\\/aikido-ychoux.com\\\/#organization\"},\"image\":{\"@id\":\"https:\\\/\\\/aikido-ychoux.com\\\/index.php\\\/2024\\\/04\\\/10\\\/un-mois-de-mars-riche-pour-le-budo-club-ychoussois\\\/#primaryimage\"},\"thumbnailUrl\":\"https:\\\/\\\/aikido-ychoux.com\\\/wp-content\\\/uploads\\\/2024\\\/04\\\/431169930_936349481515086_2580192144469680112_n.jpg\",\"inLanguage\":\"fr-FR\"},{\"@type\":\"WebPage\",\"@id\":\"https:\\\/\\\/aikido-ychoux.com\\\/index.php\\\/2024\\\/04\\\/10\\\/un-mois-de-mars-riche-pour-le-budo-club-ychoussois\\\/\",\"url\":\"https:\\\/\\\/aikido-ychoux.com\\\/index.php\\\/2024\\\/04\\\/10\\\/un-mois-de-mars-riche-pour-le-budo-club-ychoussois\\\/\",\"name\":\"Un mois de mars riche pour le Budo Club Ychoussois ! - A\u00efkido Ychoux\",\"isPartOf\":{\"@id\":\"https:\\\/\\\/aikido-ychoux.com\\\/#website\"},\"primaryImageOfPage\":{\"@id\":\"https:\\\/\\\/aikido-ychoux.com\\\/index.php\\\/2024\\\/04\\\/10\\\/un-mois-de-mars-riche-pour-le-budo-club-ychoussois\\\/#primaryimage\"},\"image\":{\"@id\":\"https:\\\/\\\/aikido-ychoux.com\\\/index.php\\\/2024\\\/04\\\/10\\\/un-mois-de-mars-riche-pour-le-budo-club-ychoussois\\\/#primaryimage\"},\"thumbnailUrl\":\"https:\\\/\\\/aikido-ychoux.com\\\/wp-content\\\/uploads\\\/2024\\\/04\\\/431169930_936349481515086_2580192144469680112_n.jpg\",\"datePublished\":\"2024-04-10T20:13:04+00:00\",\"dateModified\":\"2024-04-10T20:13:23+00:00\",\"breadcrumb\":{\"@id\":\"https:\\\/\\\/aikido-ychoux.com\\\/index.php\\\/2024\\\/04\\\/10\\\/un-mois-de-mars-riche-pour-le-budo-club-ychoussois\\\/#breadcrumb\"},\"inLanguage\":\"fr-FR\",\"potentialAction\":[{\"@type\":\"ReadAction\",\"target\":[\"https:\\\/\\\/aikido-ychoux.com\\\/index.php\\\/2024\\\/04\\\/10\\\/un-mois-de-mars-riche-pour-le-budo-club-ychoussois\\\/\"]}]},{\"@type\":\"ImageObject\",\"inLanguage\":\"fr-FR\",\"@id\":\"https:\\\/\\\/aikido-ychoux.com\\\/index.php\\\/2024\\\/04\\\/10\\\/un-mois-de-mars-riche-pour-le-budo-club-ychoussois\\\/#primaryimage\",\"url\":\"https:\\\/\\\/aikido-ychoux.com\\\/wp-content\\\/uploads\\\/2024\\\/04\\\/431169930_936349481515086_2580192144469680112_n.jpg\",\"contentUrl\":\"https:\\\/\\\/aikido-ychoux.com\\\/wp-content\\\/uploads\\\/2024\\\/04\\\/431169930_936349481515086_2580192144469680112_n.jpg\",\"width\":2048,\"height\":1365},{\"@type\":\"BreadcrumbList\",\"@id\":\"https:\\\/\\\/aikido-ychoux.com\\\/index.php\\\/2024\\\/04\\\/10\\\/un-mois-de-mars-riche-pour-le-budo-club-ychoussois\\\/#breadcrumb\",\"itemListElement\":[{\"@type\":\"ListItem\",\"position\":1,\"name\":\"Accueil\",\"item\":\"https:\\\/\\\/aikido-ychoux.com\\\/\"},{\"@type\":\"ListItem\",\"position\":2,\"name\":\"Un mois de mars riche pour le Budo Club Ychoussois !\"}]},{\"@type\":\"WebSite\",\"@id\":\"https:\\\/\\\/aikido-ychoux.com\\\/#website\",\"url\":\"https:\\\/\\\/aikido-ychoux.com\\\/\",\"name\":\"A\u00efkido Ychoux\",\"description\":\"Le site officiel du club d&#039;A\u00efkido de la ville d&#039;Ychoux\",\"publisher\":{\"@id\":\"https:\\\/\\\/aikido-ychoux.com\\\/#organization\"},\"potentialAction\":[{\"@type\":\"SearchAction\",\"target\":{\"@type\":\"EntryPoint\",\"urlTemplate\":\"https:\\\/\\\/aikido-ychoux.com\\\/?s={search_term_string}\"},\"query-input\":{\"@type\":\"PropertyValueSpecification\",\"valueRequired\":true,\"valueName\":\"search_term_string\"}}],\"inLanguage\":\"fr-FR\"},{\"@type\":\"Organization\",\"@id\":\"https:\\\/\\\/aikido-ychoux.com\\\/#organization\",\"name\":\"Budo Club Ychoussois\",\"url\":\"https:\\\/\\\/aikido-ychoux.com\\\/\",\"logo\":{\"@type\":\"ImageObject\",\"inLanguage\":\"fr-FR\",\"@id\":\"https:\\\/\\\/aikido-ychoux.com\\\/#\\\/schema\\\/logo\\\/image\\\/\",\"url\":\"https:\\\/\\\/aikido-ychoux.com\\\/wp-content\\\/uploads\\\/2017\\\/08\\\/cropped-cercleYchouxCOL.png\",\"contentUrl\":\"https:\\\/\\\/aikido-ychoux.com\\\/wp-content\\\/uploads\\\/2017\\\/08\\\/cropped-cercleYchouxCOL.png\",\"width\":512,\"height\":512,\"caption\":\"Budo Club Ychoussois\"},\"image\":{\"@id\":\"https:\\\/\\\/aikido-ychoux.com\\\/#\\\/schema\\\/logo\\\/image\\\/\"},\"sameAs\":[\"https:\\\/\\\/www.facebook.com\\\/budoclubychoux\\\/\"]},{\"@type\":\"Person\",\"@id\":\"https:\\\/\\\/aikido-ychoux.com\\\/#\\\/schema\\\/person\\\/37287961ad72e97436d7b9626ad02e7b\",\"name\":\"Marina Ducos\",\"image\":{\"@type\":\"ImageObject\",\"inLanguage\":\"fr-FR\",\"@id\":\"https:\\\/\\\/secure.gravatar.com\\\/avatar\\\/be4e0a3ccf7e80151a97d94ddf9a59d14fab52d632fd93a16dbb163e18d6c500?s=96&d=mm&r=g\",\"url\":\"https:\\\/\\\/secure.gravatar.com\\\/avatar\\\/be4e0a3ccf7e80151a97d94ddf9a59d14fab52d632fd93a16dbb163e18d6c500?s=96&d=mm&r=g\",\"contentUrl\":\"https:\\\/\\\/secure.gravatar.com\\\/avatar\\\/be4e0a3ccf7e80151a97d94ddf9a59d14fab52d632fd93a16dbb163e18d6c500?s=96&d=mm&r=g\",\"caption\":\"Marina Ducos\"},\"url\":\"https:\\\/\\\/aikido-ychoux.com\\\/index.php\\\/author\\\/marina\\\/\"}]}<\/script>\n<!-- \/ Yoast SEO plugin. -->","yoast_head_json":{"title":"Un mois de mars riche pour le Budo Club Ychoussois ! - A\u00efkido Ychoux","robots":{"index":"index","follow":"follow","max-snippet":"max-snippet:-1","max-image-preview":"max-image-preview:large","max-video-preview":"max-video-preview:-1"},"canonical":"https:\/\/aikido-ychoux.com\/index.php\/2024\/04\/10\/un-mois-de-mars-riche-pour-le-budo-club-ychoussois\/","og_locale":"fr_FR","og_type":"article","og_title":"Un mois de mars riche pour le Budo Club Ychoussois ! - A\u00efkido Ychoux","og_url":"https:\/\/aikido-ychoux.com\/index.php\/2024\/04\/10\/un-mois-de-mars-riche-pour-le-budo-club-ychoussois\/","og_site_name":"A\u00efkido Ychoux","article_publisher":"https:\/\/www.facebook.com\/budoclubychoux\/","article_published_time":"2024-04-10T20:13:04+00:00","article_modified_time":"2024-04-10T20:13:23+00:00","og_image":[{"width":2048,"height":1365,"url":"https:\/\/aikido-ychoux.com\/wp-content\/uploads\/2024\/04\/431169930_936349481515086_2580192144469680112_n.jpg","type":"image\/jpeg"}],"author":"Marina Ducos","twitter_card":"summary_large_image","twitter_misc":{"\u00c9crit par":"Marina Ducos","Dur\u00e9e de lecture estim\u00e9e":"4 minutes"},"schema":{"@context":"https:\/\/schema.org","@graph":[{"@type":"Article","@id":"https:\/\/aikido-ychoux.com\/index.php\/2024\/04\/10\/un-mois-de-mars-riche-pour-le-budo-club-ychoussois\/#article","isPartOf":{"@id":"https:\/\/aikido-ychoux.com\/index.php\/2024\/04\/10\/un-mois-de-mars-riche-pour-le-budo-club-ychoussois\/"},"author":{"name":"Marina Ducos","@id":"https:\/\/aikido-ychoux.com\/#\/schema\/person\/37287961ad72e97436d7b9626ad02e7b"},"headline":"Un mois de mars riche pour le Budo Club Ychoussois !","datePublished":"2024-04-10T20:13:04+00:00","dateModified":"2024-04-10T20:13:23+00:00","mainEntityOfPage":{"@id":"https:\/\/aikido-ychoux.com\/index.php\/2024\/04\/10\/un-mois-de-mars-riche-pour-le-budo-club-ychoussois\/"},"wordCount":906,"publisher":{"@id":"https:\/\/aikido-ychoux.com\/#organization"},"image":{"@id":"https:\/\/aikido-ychoux.com\/index.php\/2024\/04\/10\/un-mois-de-mars-riche-pour-le-budo-club-ychoussois\/#primaryimage"},"thumbnailUrl":"https:\/\/aikido-ychoux.com\/wp-content\/uploads\/2024\/04\/431169930_936349481515086_2580192144469680112_n.jpg","inLanguage":"fr-FR"},{"@type":"WebPage","@id":"https:\/\/aikido-ychoux.com\/index.php\/2024\/04\/10\/un-mois-de-mars-riche-pour-le-budo-club-ychoussois\/","url":"https:\/\/aikido-ychoux.com\/index.php\/2024\/04\/10\/un-mois-de-mars-riche-pour-le-budo-club-ychoussois\/","name":"Un mois de mars riche pour le Budo Club Ychoussois ! - A\u00efkido Ychoux","isPartOf":{"@id":"https:\/\/aikido-ychoux.com\/#website"},"primaryImageOfPage":{"@id":"https:\/\/aikido-ychoux.com\/index.php\/2024\/04\/10\/un-mois-de-mars-riche-pour-le-budo-club-ychoussois\/#primaryimage"},"image":{"@id":"https:\/\/aikido-ychoux.com\/index.php\/2024\/04\/10\/un-mois-de-mars-riche-pour-le-budo-club-ychoussois\/#primaryimage"},"thumbnailUrl":"https:\/\/aikido-ychoux.com\/wp-content\/uploads\/2024\/04\/431169930_936349481515086_2580192144469680112_n.jpg","datePublished":"2024-04-10T20:13:04+00:00","dateModified":"2024-04-10T20:13:23+00:00","breadcrumb":{"@id":"https:\/\/aikido-ychoux.com\/index.php\/2024\/04\/10\/un-mois-de-mars-riche-pour-le-budo-club-ychoussois\/#breadcrumb"},"inLanguage":"fr-FR","potentialAction":[{"@type":"ReadAction","target":["https:\/\/aikido-ychoux.com\/index.php\/2024\/04\/10\/un-mois-de-mars-riche-pour-le-budo-club-ychoussois\/"]}]},{"@type":"ImageObject","inLanguage":"fr-FR","@id":"https:\/\/aikido-ychoux.com\/index.php\/2024\/04\/10\/un-mois-de-mars-riche-pour-le-budo-club-ychoussois\/#primaryimage","url":"https:\/\/aikido-ychoux.com\/wp-content\/uploads\/2024\/04\/431169930_936349481515086_2580192144469680112_n.jpg","contentUrl":"https:\/\/aikido-ychoux.com\/wp-content\/uploads\/2024\/04\/431169930_936349481515086_2580192144469680112_n.jpg","width":2048,"height":1365},{"@type":"BreadcrumbList","@id":"https:\/\/aikido-ychoux.com\/index.php\/2024\/04\/10\/un-mois-de-mars-riche-pour-le-budo-club-ychoussois\/#breadcrumb","itemListElement":[{"@type":"ListItem","position":1,"name":"Accueil","item":"https:\/\/aikido-ychoux.com\/"},{"@type":"ListItem","position":2,"name":"Un mois de mars riche pour le Budo Club Ychoussois !"}]},{"@type":"WebSite","@id":"https:\/\/aikido-ychoux.com\/#website","url":"https:\/\/aikido-ychoux.com\/","name":"A\u00efkido Ychoux","description":"Le site officiel du club d&#039;A\u00efkido de la ville d&#039;Ychoux","publisher":{"@id":"https:\/\/aikido-ychoux.com\/#organization"},"potentialAction":[{"@type":"SearchAction","target":{"@type":"EntryPoint","urlTemplate":"https:\/\/aikido-ychoux.com\/?s={search_term_string}"},"query-input":{"@type":"PropertyValueSpecification","valueRequired":true,"valueName":"search_term_string"}}],"inLanguage":"fr-FR"},{"@type":"Organization","@id":"https:\/\/aikido-ychoux.com\/#organization","name":"Budo Club Ychoussois","url":"https:\/\/aikido-ychoux.com\/","logo":{"@type":"ImageObject","inLanguage":"fr-FR","@id":"https:\/\/aikido-ychoux.com\/#\/schema\/logo\/image\/","url":"https:\/\/aikido-ychoux.com\/wp-content\/uploads\/2017\/08\/cropped-cercleYchouxCOL.png","contentUrl":"https:\/\/aikido-ychoux.com\/wp-content\/uploads\/2017\/08\/cropped-cercleYchouxCOL.png","width":512,"height":512,"caption":"Budo Club Ychoussois"},"image":{"@id":"https:\/\/aikido-ychoux.com\/#\/schema\/logo\/image\/"},"sameAs":["https:\/\/www.facebook.com\/budoclubychoux\/"]},{"@type":"Person","@id":"https:\/\/aikido-ychoux.com\/#\/schema\/person\/37287961ad72e97436d7b9626ad02e7b","name":"Marina Ducos","image":{"@type":"ImageObject","inLanguage":"fr-FR","@id":"https:\/\/secure.gravatar.com\/avatar\/be4e0a3ccf7e80151a97d94ddf9a59d14fab52d632fd93a16dbb163e18d6c500?s=96&d=mm&r=g","url":"https:\/\/secure.gravatar.com\/avatar\/be4e0a3ccf7e80151a97d94ddf9a59d14fab52d632fd93a16dbb163e18d6c500?s=96&d=mm&r=g","contentUrl":"https:\/\/secure.gravatar.com\/avatar\/be4e0a3ccf7e80151a97d94ddf9a59d14fab52d632fd93a16dbb163e18d6c500?s=96&d=mm&r=g","caption":"Marina Ducos"},"url":"https:\/\/aikido-ychoux.com\/index.php\/author\/marina\/"}]}},"_links":{"self":[{"href":"https:\/\/aikido-ychoux.com\/index.php\/wp-json\/wp\/v2\/posts\/240412","targetHints":{"allow":["GET"]}}],"collection":[{"href":"https:\/\/aikido-ychoux.com\/index.php\/wp-json\/wp\/v2\/posts"}],"about":[{"href":"https:\/\/aikido-ychoux.com\/index.php\/wp-json\/wp\/v2\/types\/post"}],"author":[{"embeddable":true,"href":"https:\/\/aikido-ychoux.com\/index.php\/wp-json\/wp\/v2\/users\/7"}],"replies":[{"embeddable":true,"href":"https:\/\/aikido-ychoux.com\/index.php\/wp-json\/wp\/v2\/comments?post=240412"}],"version-history":[{"count":6,"href":"https:\/\/aikido-ychoux.com\/index.php\/wp-json\/wp\/v2\/posts\/240412\/revisions"}],"predecessor-version":[{"id":240425,"href":"https:\/\/aikido-ychoux.com\/index.php\/wp-json\/wp\/v2\/posts\/240412\/revisions\/240425"}],"wp:featuredmedia":[{"embeddable":true,"href":"https:\/\/aikido-ychoux.com\/index.php\/wp-json\/wp\/v2\/media\/240416"}],"wp:attachment":[{"href":"https:\/\/aikido-ychoux.com\/index.php\/wp-json\/wp\/v2\/media?parent=240412"}],"wp:term":[{"taxonomy":"category","embeddable":true,"href":"https:\/\/aikido-ychoux.com\/index.php\/wp-json\/wp\/v2\/categories?post=240412"},{"taxonomy":"post_tag","embeddable":true,"href":"https:\/\/aikido-ychoux.com\/index.php\/wp-json\/wp\/v2\/tags?post=240412"}],"curies":[{"name":"wp","href":"https:\/\/api.w.org\/{rel}","templated":true}]}}