{"id":240281,"date":"2024-01-02T18:44:31","date_gmt":"2024-01-02T17:44:31","guid":{"rendered":"https:\/\/aikido-ychoux.com\/?p=240281"},"modified":"2024-01-04T09:30:01","modified_gmt":"2024-01-04T08:30:01","slug":"la-relation-uke-tori","status":"publish","type":"post","link":"https:\/\/aikido-ychoux.com\/index.php\/2024\/01\/02\/la-relation-uke-tori\/","title":{"rendered":"La relation UKE\/TORI"},"content":{"rendered":"<p>En A\u00efkido, les pratiquants sont la plupart du temps au nombre de deux et souvent d\u00e9sign\u00e9s Tori et Uke, afin de permettre la mise en place d\u2019un contexte p\u00e9dagogique et martial clair.<\/p>\n<p>Les termes Tori et Uke sont souvent utilis\u00e9s pour d\u00e9signer le r\u00f4le de chacun.<\/p>\n<p>En A\u00efkido, la relation entre ses pratiquants est un \u00e9l\u00e9ment important.<\/p>\n<p>Les termes A\u00efte et Shite sont aussi employ\u00e9s. Ils viennent r\u00e9v\u00e9ler un aspect particulier de la pratique et s\u2019ajoute au lexique du pratiquant.<\/p>\n<p>Au regard de notre pratique actuelle et de l\u2019\u00e9tat de notre compr\u00e9hension et connaissances de l\u2019A\u00efkido, nous allons d\u00e9finir ces diff\u00e9rents r\u00f4les ainsi que la relation r\u00e9ciproque qui en d\u00e9coule dans la pratique, dans une analyse un peu plus pouss\u00e9e.<\/p>\n<p>Cette r\u00e9flexion fait suite \u00e0 un \u00e9change lors de l\u2019\u00e9cole des cadres de la Ligue Nouvelle-Aquitaine du 7 octobre 2023 entre les enseignants et futurs enseignants pr\u00e9sents. Nous souhaitons aller plus loin dans l\u2019analyse et la r\u00e9flexion tout en le partageant avec vous.<\/p>\n<ol>\n<li>Approche analytique et \u00e9tymologique des Kanji<\/li>\n<\/ol>\n<p>Avant toute chose, il faut savoir que les kanji proviennent de la langue chinoise. Les japonais, par la suite, en plus d\u2019avoir cr\u00e9\u00e9 les kana (hiragana et katakana), ont pris les kanji d\u00e9j\u00e0 existant pour la langue japonaise et ont rajout\u00e9 les furigana au-dessus des kanji pour l\u2019adapter \u00e0 la langue japonaise. Ces furigana permettent de prononcer correctement le kanji en question, ils seront pr\u00e9cis\u00e9s \u00e0 droite du kanji entre parenth\u00e8ses.<\/p>\n<p><strong>UKE<\/strong> \u53d7\u3051(\u3046)\u3051<\/p>\n<p><em>D\u00e9finition<\/em>\u00a0:<\/p>\n<p>Popularit\u00e9, <strong>service<\/strong>, r<strong>\u00e9ception<\/strong>, <strong>la d\u00e9fense<\/strong>, la r\u00e9putation, accord, <strong>r\u00e9cepteur de technique<\/strong>&#8230;<\/p>\n<p>Il provient du verbe Ukeru (\u53d7\u3051\u308b) qui signifie recevoir, obtenir, \u00eatre frapp\u00e9 par (le vent, les vagues, le soleil\u2026), souffrir, subir, ressentir, accepter, supporter et bien d\u2019autres\u2026<\/p>\n<p>Int\u00e9ressons-nous maintenant au kanji qui lui est compos\u00e9 de trois \u00e9l\u00e9ments dans cette gen\u00e8se, dont une \u00ab\u00a0cl\u00e9\u00a0\u00bb qui nous permettra de mieux comprendre la signification du kanji.<\/p>\n<p>\u53d7<strong> = <\/strong>\u722a(griffe, clou, talon) <strong>+ <\/strong>\u5196(couronne) <strong>+ <\/strong>\u53c8(d\u2019autre part, main droite)<\/p>\n<p>Ces trois \u00e9l\u00e9ments donnent un sens qui est pr\u00e9cis\u00e9 par la cl\u00e9 en vert. Les explications qui sont donn\u00e9es sont celles-ci\u00a0:<\/p>\n<ul>\n<li>\u00ab\u00a0une main \u00e0 plat \u722a donnant un objet \u5196 \u00e0 la main qui la re\u00e7oit \u53c8 (\u00e9ventuellement \u00e0 plat)\u00a0\u00bb<\/li>\n<\/ul>\n<p><em> Memento et Dictionnaire des Kanji, Jean Claude Martin<\/em><\/p>\n<p><img loading=\"lazy\" decoding=\"async\" width=\"326\" height=\"104\" class=\"wp-image-240290\" src=\"https:\/\/aikido-ychoux.com\/wp-content\/uploads\/2024\/01\/image-png.png\" alt=\"image.png\" srcset=\"https:\/\/aikido-ychoux.com\/wp-content\/uploads\/2024\/01\/image-png.png 326w, https:\/\/aikido-ychoux.com\/wp-content\/uploads\/2024\/01\/image-png-300x96.png 300w\" sizes=\"(max-width: 326px) 100vw, 326px\" \/><\/p>\n<p>Ci-contre l\u2019\u00e9volution du style d\u2019\u00e9criture en os d\u2019oracle jusqu\u2019\u00e0 notre \u00e8re en passant par le style tensho (sigillaire et en rouge). Il semblerait que la signification donn\u00e9e par l\u2019id\u00e9ogramme ait chang\u00e9e au fil du temps passant de \u00ab\u00a0donner et recevoir\u00a0\u00bb sans savoir qui donne (dans une id\u00e9e de transaction)\u2026 \u00e0 finalement \u00ab\u00a0recevoir\u00a0\u00bb (type d\u2019exemple donn\u00e9\u00a0: On re\u00e7oit un dipl\u00f4me quand a pass\u00e9 un examen)<\/p>\n<ul>\n<li>\u00ab\u00a0on n\u2019y verra un <em>nid <\/em>d\u2019o\u00f9 sort une<em> main droite\u00a0:<\/em> assur\u00e9ment celle d\u2019un oiseau, demandant \u00e0 <strong>recevoir<\/strong> sa ration de nourriture.\u00a0\u00bb<\/li>\n<\/ul>\n<p><em>Les kanjis dans la t\u00eate, Yves Maniette<\/em><\/p>\n<p><strong>Uke<\/strong>, c\u2019est celui qui sollicite son partenaire, c\u2019est lui qui permet l\u2019action quelle qu\u2019elle soit (\u00e0 mains nues ou avec une arme). Il cr\u00e9e une situation d\u2019\u00e9change permettant \u00e0 son partenaire de r\u00e9agir. Dans ce sens, Uke n\u2019est pas juste un partenaire qui subit la r\u00e9action de Tori.<\/p>\n<p><strong>TORI<\/strong> \u53d6\u308a(\u3068)\u308a ou \u53d6<\/p>\n<p><em>D\u00e9finition<\/em>\u00a0:<\/p>\n<p>Prise, preneur, <strong>partenaire actif<\/strong>, pr\u00e9fixe empathique ou formel (derri\u00e8re un verbe), <strong>prendre<\/strong>, <strong>aller<\/strong>, <strong>chercher<\/strong><\/p>\n<p>L\u2019id\u00e9ogramme de Tori utilis\u00e9 vient du terme Toru (\u53d6\u308b) qui signifie saisir, accepter, obtenir, exiger, prendre, choisir&#8230;Ainsi ToruTe est devenu ToriTe puis Tori.<\/p>\n<p>Pendant la p\u00e9riode m\u00e9di\u00e9val au Japon, il \u00e9tait courant qu\u2019un guerrier prenne l\u2019oreille de son adversaire ou de ses adversaires car celui-ci \u00e9tait r\u00e9compens\u00e9 en fonction du nombre.<\/p>\n<p>Int\u00e9ressons-nous maintenant au kanji qui lui est compos\u00e9 de deux \u00e9l\u00e9ments dans cette gen\u00e8se, dont une \u00ab\u00a0cl\u00e9\u00a0\u00bb qui nous permettra de mieux comprendre la signification du kanji.<\/p>\n<p>\u53d6<strong> = <\/strong>\u8033(oreille) <strong>+ <\/strong>\u53c8(d\u2019autre part, main droite)<\/p>\n<p>Ces deux \u00e9l\u00e9ments donnent un sens qui est pr\u00e9cis\u00e9 par la cl\u00e9 en vert. Les explications qui sont donn\u00e9es sont celles-ci\u00a0:<\/p>\n<ul>\n<li>\u00ab\u00a0L\u2019oreille et la main qui saisit. En Asie, pour prouver qu\u2019on avait effectivement abattu son ennemi, il fallait saisir, prendre son oreille et la rapporter.\u00a0\u00bb<\/li>\n<\/ul>\n<p><em>Memento et Dictionnaire des Kanji, Jean Claude Martin<\/em><\/p>\n<p><img loading=\"lazy\" decoding=\"async\" width=\"890\" height=\"200\" class=\"wp-image-240291\" src=\"https:\/\/aikido-ychoux.com\/wp-content\/uploads\/2024\/01\/image-png-1.png\" alt=\"image.png\" srcset=\"https:\/\/aikido-ychoux.com\/wp-content\/uploads\/2024\/01\/image-png-1.png 890w, https:\/\/aikido-ychoux.com\/wp-content\/uploads\/2024\/01\/image-png-1-480x108.png 480w\" sizes=\"(min-width: 0px) and (max-width: 480px) 480px, (min-width: 481px) 890px, 100vw\" \/> <img loading=\"lazy\" decoding=\"async\" width=\"226\" height=\"202\" class=\"wp-image-240292\" src=\"https:\/\/aikido-ychoux.com\/wp-content\/uploads\/2024\/01\/image-png-2.png\" alt=\"image.png\" \/><\/p>\n<p>Ci-dessus, l\u2019\u00e9volution du style d\u2019\u00e9criture en os d\u2019oracle jusqu\u2019\u00e0 notre \u00e8re en passant par le style Tensho.<\/p>\n<ul>\n<li>\u00ab\u00a0Oreille&#8230;main droite. O\u00f9 l\u2019on conte l\u2019histoire du petit gar\u00e7on qui s\u2019est fait <strong>prendre<\/strong> la main dans la bonbonni\u00e8re.\u00a0\u00bb<\/li>\n<\/ul>\n<p><em>Les kanjis dans la t\u00eate, Yves Maniette<\/em><\/p>\n<p>NB\u00a0: L\u2019oreille pourrait ressembler \u00e0 l\u2019\u0153il, mais l\u2019ordre des trac\u00e9s est diff\u00e9rent.<\/p>\n<p><strong>Tori<\/strong>, c\u2019est celui qui vient prendre la place du partenaire ou de l\u2019adversaire tout en r\u00e9alisant sa technique. Il vient ainsi obtenir ce qu\u2019il entreprend. Il fait l\u2019action, il l\u2019ex\u00e9cute dans un but bien pr\u00e9cis.<\/p>\n<p>2) La relation Uke et Tori<\/p>\n<p>Apr\u00e8s avoir d\u00e9fini les termes Uke &#8211; Tori avec une approche analytique et \u00e9tymologique, nous allons explorer la relation les liant. La connexion entre Uke et Tori est indispensable pour qu\u2019une technique puisse \u00eatre r\u00e9alis\u00e9e de fa\u00e7on martiale. Trois points nous semblent pertinents \u00e0 retenir: le regard, le contact physique et l\u2019intention.<\/p>\n<p><strong>Tout d\u2019abord le regard (Metsuke), <\/strong>l\u2019interaction des regards de Uke et Tori induit une r\u00e9action r\u00e9ciproque. Chacun peut corriger sa position (Kamae, Ta\u00ef sabaki\u2026), ou engager une action vis \u00e0 vis de son partenaire.<\/p>\n<p>Dans ce contexte, Uke peut s\u2019engager dans l\u2019action. Il est alors possible pour Tori de mettre son partenaire en d\u00e9s\u00e9quilibre et de contr\u00f4ler son attaque.<\/p>\n<p><strong>Ensuite le contact physique, <\/strong>la connexion devient permanente entre Tori et Uke, elle est maintenue tout au long de la technique. Conserver cette connexion pendant le d\u00e9placement et la r\u00e9alisation de la technique permet aux pratiquants de ressentir les d\u00e9s\u00e9quilibres, mesurer l\u2019efficacit\u00e9 de la r\u00e9alisation, et de pouvoir s\u2019adapter.<\/p>\n<p><strong>Enfin l\u2019intention, <\/strong>le pratiquant doit prendre conscience que si l\u2019attaque de Uke n\u2019est pas r\u00e9aliste, cela p\u00e9nalise Tori dans la r\u00e9alisation de la technique. Alors on s\u2019\u00e9loigne d\u2019une r\u00e9alit\u00e9 martiale (exemple: attaque shomen = coupe \u00e0 la main, attaque tsuki = coup de poing\u2026) ne permettant pas au pratiquant de progresser.<\/p>\n<p>La relation Uke &#8211; Tori est importante et chaque point d\u2019entr\u00e9e ne peut \u00eatre dissoci\u00e9 des autres. L\u2019alternance des r\u00f4les permet aux pratiquants de progresser dans leurs apprentissages et leur recherche personnelle en Aikido.<\/p>\n<p><strong>A venir&#8230; A\u00efte &#8211; Shite, une autre facette de Uke &#8211; Tori.<\/strong><\/p>\n<p>&nbsp;<\/p>\n","protected":false},"excerpt":{"rendered":"<p>En A\u00efkido, les pratiquants sont la plupart du temps au nombre de deux et souvent d\u00e9sign\u00e9s Tori et Uke, afin de permettre la mise en place d\u2019un contexte p\u00e9dagogique et martial clair. Les termes Tori et Uke sont souvent utilis\u00e9s pour d\u00e9signer le r\u00f4le de chacun. En A\u00efkido, la relation entre ses pratiquants est un [&hellip;]<\/p>\n","protected":false},"author":6,"featured_media":240294,"comment_status":"closed","ping_status":"closed","sticky":false,"template":"","format":"standard","meta":{"footnotes":""},"categories":[1,149],"tags":[],"class_list":["post-240281","post","type-post","status-publish","format-standard","has-post-thumbnail","hentry","category-non-classe","category-reflexion"],"yoast_head":"<!-- This site is optimized with the Yoast SEO plugin v27.5 - https:\/\/yoast.com\/product\/yoast-seo-wordpress\/ -->\n<title>La relation UKE\/TORI - A\u00efkido Ychoux<\/title>\n<meta name=\"robots\" content=\"index, follow, max-snippet:-1, max-image-preview:large, max-video-preview:-1\" \/>\n<link rel=\"canonical\" href=\"https:\/\/aikido-ychoux.com\/index.php\/2024\/01\/02\/la-relation-uke-tori\/\" \/>\n<meta property=\"og:locale\" content=\"fr_FR\" \/>\n<meta property=\"og:type\" content=\"article\" \/>\n<meta property=\"og:title\" content=\"La relation UKE\/TORI - A\u00efkido Ychoux\" \/>\n<meta property=\"og:description\" content=\"En A\u00efkido, les pratiquants sont la plupart du temps au nombre de deux et souvent d\u00e9sign\u00e9s Tori et Uke, afin de permettre la mise en place d\u2019un contexte p\u00e9dagogique et martial clair. Les termes Tori et Uke sont souvent utilis\u00e9s pour d\u00e9signer le r\u00f4le de chacun. En A\u00efkido, la relation entre ses pratiquants est un [&hellip;]\" \/>\n<meta property=\"og:url\" content=\"https:\/\/aikido-ychoux.com\/index.php\/2024\/01\/02\/la-relation-uke-tori\/\" \/>\n<meta property=\"og:site_name\" content=\"A\u00efkido Ychoux\" \/>\n<meta property=\"article:publisher\" content=\"https:\/\/www.facebook.com\/budoclubychoux\/\" \/>\n<meta property=\"article:published_time\" content=\"2024-01-02T17:44:31+00:00\" \/>\n<meta property=\"article:modified_time\" content=\"2024-01-04T08:30:01+00:00\" \/>\n<meta property=\"og:image\" content=\"https:\/\/aikido-ychoux.com\/wp-content\/uploads\/2024\/01\/MG_6642.jpg\" \/>\n\t<meta property=\"og:image:width\" content=\"1966\" \/>\n\t<meta property=\"og:image:height\" content=\"1311\" \/>\n\t<meta property=\"og:image:type\" content=\"image\/jpeg\" \/>\n<meta name=\"author\" content=\"L&#039;\u00e9quipe enseignante\" \/>\n<meta name=\"twitter:card\" content=\"summary_large_image\" \/>\n<meta name=\"twitter:label1\" content=\"\u00c9crit par\" \/>\n\t<meta name=\"twitter:data1\" content=\"L&#039;\u00e9quipe enseignante\" \/>\n\t<meta name=\"twitter:label2\" content=\"Dur\u00e9e de lecture estim\u00e9e\" \/>\n\t<meta name=\"twitter:data2\" content=\"6 minutes\" \/>\n<script type=\"application\/ld+json\" class=\"yoast-schema-graph\">{\"@context\":\"https:\\\/\\\/schema.org\",\"@graph\":[{\"@type\":\"Article\",\"@id\":\"https:\\\/\\\/aikido-ychoux.com\\\/index.php\\\/2024\\\/01\\\/02\\\/la-relation-uke-tori\\\/#article\",\"isPartOf\":{\"@id\":\"https:\\\/\\\/aikido-ychoux.com\\\/index.php\\\/2024\\\/01\\\/02\\\/la-relation-uke-tori\\\/\"},\"author\":{\"name\":\"L'\u00e9quipe enseignante\",\"@id\":\"https:\\\/\\\/aikido-ychoux.com\\\/#\\\/schema\\\/person\\\/37735b1e1cb02cd40944100f711941ba\"},\"headline\":\"La relation UKE\\\/TORI\",\"datePublished\":\"2024-01-02T17:44:31+00:00\",\"dateModified\":\"2024-01-04T08:30:01+00:00\",\"mainEntityOfPage\":{\"@id\":\"https:\\\/\\\/aikido-ychoux.com\\\/index.php\\\/2024\\\/01\\\/02\\\/la-relation-uke-tori\\\/\"},\"wordCount\":1146,\"publisher\":{\"@id\":\"https:\\\/\\\/aikido-ychoux.com\\\/#organization\"},\"image\":{\"@id\":\"https:\\\/\\\/aikido-ychoux.com\\\/index.php\\\/2024\\\/01\\\/02\\\/la-relation-uke-tori\\\/#primaryimage\"},\"thumbnailUrl\":\"https:\\\/\\\/aikido-ychoux.com\\\/wp-content\\\/uploads\\\/2024\\\/01\\\/MG_6642.jpg\",\"articleSection\":{\"1\":\"reflexion\"},\"inLanguage\":\"fr-FR\"},{\"@type\":\"WebPage\",\"@id\":\"https:\\\/\\\/aikido-ychoux.com\\\/index.php\\\/2024\\\/01\\\/02\\\/la-relation-uke-tori\\\/\",\"url\":\"https:\\\/\\\/aikido-ychoux.com\\\/index.php\\\/2024\\\/01\\\/02\\\/la-relation-uke-tori\\\/\",\"name\":\"La relation UKE\\\/TORI - A\u00efkido Ychoux\",\"isPartOf\":{\"@id\":\"https:\\\/\\\/aikido-ychoux.com\\\/#website\"},\"primaryImageOfPage\":{\"@id\":\"https:\\\/\\\/aikido-ychoux.com\\\/index.php\\\/2024\\\/01\\\/02\\\/la-relation-uke-tori\\\/#primaryimage\"},\"image\":{\"@id\":\"https:\\\/\\\/aikido-ychoux.com\\\/index.php\\\/2024\\\/01\\\/02\\\/la-relation-uke-tori\\\/#primaryimage\"},\"thumbnailUrl\":\"https:\\\/\\\/aikido-ychoux.com\\\/wp-content\\\/uploads\\\/2024\\\/01\\\/MG_6642.jpg\",\"datePublished\":\"2024-01-02T17:44:31+00:00\",\"dateModified\":\"2024-01-04T08:30:01+00:00\",\"breadcrumb\":{\"@id\":\"https:\\\/\\\/aikido-ychoux.com\\\/index.php\\\/2024\\\/01\\\/02\\\/la-relation-uke-tori\\\/#breadcrumb\"},\"inLanguage\":\"fr-FR\",\"potentialAction\":[{\"@type\":\"ReadAction\",\"target\":[\"https:\\\/\\\/aikido-ychoux.com\\\/index.php\\\/2024\\\/01\\\/02\\\/la-relation-uke-tori\\\/\"]}]},{\"@type\":\"ImageObject\",\"inLanguage\":\"fr-FR\",\"@id\":\"https:\\\/\\\/aikido-ychoux.com\\\/index.php\\\/2024\\\/01\\\/02\\\/la-relation-uke-tori\\\/#primaryimage\",\"url\":\"https:\\\/\\\/aikido-ychoux.com\\\/wp-content\\\/uploads\\\/2024\\\/01\\\/MG_6642.jpg\",\"contentUrl\":\"https:\\\/\\\/aikido-ychoux.com\\\/wp-content\\\/uploads\\\/2024\\\/01\\\/MG_6642.jpg\",\"width\":1966,\"height\":1311},{\"@type\":\"BreadcrumbList\",\"@id\":\"https:\\\/\\\/aikido-ychoux.com\\\/index.php\\\/2024\\\/01\\\/02\\\/la-relation-uke-tori\\\/#breadcrumb\",\"itemListElement\":[{\"@type\":\"ListItem\",\"position\":1,\"name\":\"Accueil\",\"item\":\"https:\\\/\\\/aikido-ychoux.com\\\/\"},{\"@type\":\"ListItem\",\"position\":2,\"name\":\"La relation UKE\\\/TORI\"}]},{\"@type\":\"WebSite\",\"@id\":\"https:\\\/\\\/aikido-ychoux.com\\\/#website\",\"url\":\"https:\\\/\\\/aikido-ychoux.com\\\/\",\"name\":\"A\u00efkido Ychoux\",\"description\":\"Le site officiel du club d&#039;A\u00efkido de la ville d&#039;Ychoux\",\"publisher\":{\"@id\":\"https:\\\/\\\/aikido-ychoux.com\\\/#organization\"},\"potentialAction\":[{\"@type\":\"SearchAction\",\"target\":{\"@type\":\"EntryPoint\",\"urlTemplate\":\"https:\\\/\\\/aikido-ychoux.com\\\/?s={search_term_string}\"},\"query-input\":{\"@type\":\"PropertyValueSpecification\",\"valueRequired\":true,\"valueName\":\"search_term_string\"}}],\"inLanguage\":\"fr-FR\"},{\"@type\":\"Organization\",\"@id\":\"https:\\\/\\\/aikido-ychoux.com\\\/#organization\",\"name\":\"Budo Club Ychoussois\",\"url\":\"https:\\\/\\\/aikido-ychoux.com\\\/\",\"logo\":{\"@type\":\"ImageObject\",\"inLanguage\":\"fr-FR\",\"@id\":\"https:\\\/\\\/aikido-ychoux.com\\\/#\\\/schema\\\/logo\\\/image\\\/\",\"url\":\"https:\\\/\\\/aikido-ychoux.com\\\/wp-content\\\/uploads\\\/2017\\\/08\\\/cropped-cercleYchouxCOL.png\",\"contentUrl\":\"https:\\\/\\\/aikido-ychoux.com\\\/wp-content\\\/uploads\\\/2017\\\/08\\\/cropped-cercleYchouxCOL.png\",\"width\":512,\"height\":512,\"caption\":\"Budo Club Ychoussois\"},\"image\":{\"@id\":\"https:\\\/\\\/aikido-ychoux.com\\\/#\\\/schema\\\/logo\\\/image\\\/\"},\"sameAs\":[\"https:\\\/\\\/www.facebook.com\\\/budoclubychoux\\\/\"]},{\"@type\":\"Person\",\"@id\":\"https:\\\/\\\/aikido-ychoux.com\\\/#\\\/schema\\\/person\\\/37735b1e1cb02cd40944100f711941ba\",\"name\":\"L'\u00e9quipe enseignante\",\"image\":{\"@type\":\"ImageObject\",\"inLanguage\":\"fr-FR\",\"@id\":\"https:\\\/\\\/secure.gravatar.com\\\/avatar\\\/fb60c50d3ec4e14e39d70c1f733ee2acf859fdba99fb5e9690782b12e4ee92c8?s=96&d=mm&r=g\",\"url\":\"https:\\\/\\\/secure.gravatar.com\\\/avatar\\\/fb60c50d3ec4e14e39d70c1f733ee2acf859fdba99fb5e9690782b12e4ee92c8?s=96&d=mm&r=g\",\"contentUrl\":\"https:\\\/\\\/secure.gravatar.com\\\/avatar\\\/fb60c50d3ec4e14e39d70c1f733ee2acf859fdba99fb5e9690782b12e4ee92c8?s=96&d=mm&r=g\",\"caption\":\"L'\u00e9quipe enseignante\"},\"url\":\"https:\\\/\\\/aikido-ychoux.com\\\/index.php\\\/author\\\/benbod\\\/\"}]}<\/script>\n<!-- \/ Yoast SEO plugin. -->","yoast_head_json":{"title":"La relation UKE\/TORI - A\u00efkido Ychoux","robots":{"index":"index","follow":"follow","max-snippet":"max-snippet:-1","max-image-preview":"max-image-preview:large","max-video-preview":"max-video-preview:-1"},"canonical":"https:\/\/aikido-ychoux.com\/index.php\/2024\/01\/02\/la-relation-uke-tori\/","og_locale":"fr_FR","og_type":"article","og_title":"La relation UKE\/TORI - A\u00efkido Ychoux","og_description":"En A\u00efkido, les pratiquants sont la plupart du temps au nombre de deux et souvent d\u00e9sign\u00e9s Tori et Uke, afin de permettre la mise en place d\u2019un contexte p\u00e9dagogique et martial clair. Les termes Tori et Uke sont souvent utilis\u00e9s pour d\u00e9signer le r\u00f4le de chacun. En A\u00efkido, la relation entre ses pratiquants est un [&hellip;]","og_url":"https:\/\/aikido-ychoux.com\/index.php\/2024\/01\/02\/la-relation-uke-tori\/","og_site_name":"A\u00efkido Ychoux","article_publisher":"https:\/\/www.facebook.com\/budoclubychoux\/","article_published_time":"2024-01-02T17:44:31+00:00","article_modified_time":"2024-01-04T08:30:01+00:00","og_image":[{"width":1966,"height":1311,"url":"https:\/\/aikido-ychoux.com\/wp-content\/uploads\/2024\/01\/MG_6642.jpg","type":"image\/jpeg"}],"author":"L'\u00e9quipe enseignante","twitter_card":"summary_large_image","twitter_misc":{"\u00c9crit par":"L'\u00e9quipe enseignante","Dur\u00e9e de lecture estim\u00e9e":"6 minutes"},"schema":{"@context":"https:\/\/schema.org","@graph":[{"@type":"Article","@id":"https:\/\/aikido-ychoux.com\/index.php\/2024\/01\/02\/la-relation-uke-tori\/#article","isPartOf":{"@id":"https:\/\/aikido-ychoux.com\/index.php\/2024\/01\/02\/la-relation-uke-tori\/"},"author":{"name":"L'\u00e9quipe enseignante","@id":"https:\/\/aikido-ychoux.com\/#\/schema\/person\/37735b1e1cb02cd40944100f711941ba"},"headline":"La relation UKE\/TORI","datePublished":"2024-01-02T17:44:31+00:00","dateModified":"2024-01-04T08:30:01+00:00","mainEntityOfPage":{"@id":"https:\/\/aikido-ychoux.com\/index.php\/2024\/01\/02\/la-relation-uke-tori\/"},"wordCount":1146,"publisher":{"@id":"https:\/\/aikido-ychoux.com\/#organization"},"image":{"@id":"https:\/\/aikido-ychoux.com\/index.php\/2024\/01\/02\/la-relation-uke-tori\/#primaryimage"},"thumbnailUrl":"https:\/\/aikido-ychoux.com\/wp-content\/uploads\/2024\/01\/MG_6642.jpg","articleSection":{"1":"reflexion"},"inLanguage":"fr-FR"},{"@type":"WebPage","@id":"https:\/\/aikido-ychoux.com\/index.php\/2024\/01\/02\/la-relation-uke-tori\/","url":"https:\/\/aikido-ychoux.com\/index.php\/2024\/01\/02\/la-relation-uke-tori\/","name":"La relation UKE\/TORI - A\u00efkido Ychoux","isPartOf":{"@id":"https:\/\/aikido-ychoux.com\/#website"},"primaryImageOfPage":{"@id":"https:\/\/aikido-ychoux.com\/index.php\/2024\/01\/02\/la-relation-uke-tori\/#primaryimage"},"image":{"@id":"https:\/\/aikido-ychoux.com\/index.php\/2024\/01\/02\/la-relation-uke-tori\/#primaryimage"},"thumbnailUrl":"https:\/\/aikido-ychoux.com\/wp-content\/uploads\/2024\/01\/MG_6642.jpg","datePublished":"2024-01-02T17:44:31+00:00","dateModified":"2024-01-04T08:30:01+00:00","breadcrumb":{"@id":"https:\/\/aikido-ychoux.com\/index.php\/2024\/01\/02\/la-relation-uke-tori\/#breadcrumb"},"inLanguage":"fr-FR","potentialAction":[{"@type":"ReadAction","target":["https:\/\/aikido-ychoux.com\/index.php\/2024\/01\/02\/la-relation-uke-tori\/"]}]},{"@type":"ImageObject","inLanguage":"fr-FR","@id":"https:\/\/aikido-ychoux.com\/index.php\/2024\/01\/02\/la-relation-uke-tori\/#primaryimage","url":"https:\/\/aikido-ychoux.com\/wp-content\/uploads\/2024\/01\/MG_6642.jpg","contentUrl":"https:\/\/aikido-ychoux.com\/wp-content\/uploads\/2024\/01\/MG_6642.jpg","width":1966,"height":1311},{"@type":"BreadcrumbList","@id":"https:\/\/aikido-ychoux.com\/index.php\/2024\/01\/02\/la-relation-uke-tori\/#breadcrumb","itemListElement":[{"@type":"ListItem","position":1,"name":"Accueil","item":"https:\/\/aikido-ychoux.com\/"},{"@type":"ListItem","position":2,"name":"La relation UKE\/TORI"}]},{"@type":"WebSite","@id":"https:\/\/aikido-ychoux.com\/#website","url":"https:\/\/aikido-ychoux.com\/","name":"A\u00efkido Ychoux","description":"Le site officiel du club d&#039;A\u00efkido de la ville d&#039;Ychoux","publisher":{"@id":"https:\/\/aikido-ychoux.com\/#organization"},"potentialAction":[{"@type":"SearchAction","target":{"@type":"EntryPoint","urlTemplate":"https:\/\/aikido-ychoux.com\/?s={search_term_string}"},"query-input":{"@type":"PropertyValueSpecification","valueRequired":true,"valueName":"search_term_string"}}],"inLanguage":"fr-FR"},{"@type":"Organization","@id":"https:\/\/aikido-ychoux.com\/#organization","name":"Budo Club Ychoussois","url":"https:\/\/aikido-ychoux.com\/","logo":{"@type":"ImageObject","inLanguage":"fr-FR","@id":"https:\/\/aikido-ychoux.com\/#\/schema\/logo\/image\/","url":"https:\/\/aikido-ychoux.com\/wp-content\/uploads\/2017\/08\/cropped-cercleYchouxCOL.png","contentUrl":"https:\/\/aikido-ychoux.com\/wp-content\/uploads\/2017\/08\/cropped-cercleYchouxCOL.png","width":512,"height":512,"caption":"Budo Club Ychoussois"},"image":{"@id":"https:\/\/aikido-ychoux.com\/#\/schema\/logo\/image\/"},"sameAs":["https:\/\/www.facebook.com\/budoclubychoux\/"]},{"@type":"Person","@id":"https:\/\/aikido-ychoux.com\/#\/schema\/person\/37735b1e1cb02cd40944100f711941ba","name":"L'\u00e9quipe enseignante","image":{"@type":"ImageObject","inLanguage":"fr-FR","@id":"https:\/\/secure.gravatar.com\/avatar\/fb60c50d3ec4e14e39d70c1f733ee2acf859fdba99fb5e9690782b12e4ee92c8?s=96&d=mm&r=g","url":"https:\/\/secure.gravatar.com\/avatar\/fb60c50d3ec4e14e39d70c1f733ee2acf859fdba99fb5e9690782b12e4ee92c8?s=96&d=mm&r=g","contentUrl":"https:\/\/secure.gravatar.com\/avatar\/fb60c50d3ec4e14e39d70c1f733ee2acf859fdba99fb5e9690782b12e4ee92c8?s=96&d=mm&r=g","caption":"L'\u00e9quipe enseignante"},"url":"https:\/\/aikido-ychoux.com\/index.php\/author\/benbod\/"}]}},"_links":{"self":[{"href":"https:\/\/aikido-ychoux.com\/index.php\/wp-json\/wp\/v2\/posts\/240281","targetHints":{"allow":["GET"]}}],"collection":[{"href":"https:\/\/aikido-ychoux.com\/index.php\/wp-json\/wp\/v2\/posts"}],"about":[{"href":"https:\/\/aikido-ychoux.com\/index.php\/wp-json\/wp\/v2\/types\/post"}],"author":[{"embeddable":true,"href":"https:\/\/aikido-ychoux.com\/index.php\/wp-json\/wp\/v2\/users\/6"}],"replies":[{"embeddable":true,"href":"https:\/\/aikido-ychoux.com\/index.php\/wp-json\/wp\/v2\/comments?post=240281"}],"version-history":[{"count":7,"href":"https:\/\/aikido-ychoux.com\/index.php\/wp-json\/wp\/v2\/posts\/240281\/revisions"}],"predecessor-version":[{"id":240293,"href":"https:\/\/aikido-ychoux.com\/index.php\/wp-json\/wp\/v2\/posts\/240281\/revisions\/240293"}],"wp:featuredmedia":[{"embeddable":true,"href":"https:\/\/aikido-ychoux.com\/index.php\/wp-json\/wp\/v2\/media\/240294"}],"wp:attachment":[{"href":"https:\/\/aikido-ychoux.com\/index.php\/wp-json\/wp\/v2\/media?parent=240281"}],"wp:term":[{"taxonomy":"category","embeddable":true,"href":"https:\/\/aikido-ychoux.com\/index.php\/wp-json\/wp\/v2\/categories?post=240281"},{"taxonomy":"post_tag","embeddable":true,"href":"https:\/\/aikido-ychoux.com\/index.php\/wp-json\/wp\/v2\/tags?post=240281"}],"curies":[{"name":"wp","href":"https:\/\/api.w.org\/{rel}","templated":true}]}}