{"id":240270,"date":"2023-12-24T17:03:45","date_gmt":"2023-12-24T16:03:45","guid":{"rendered":"https:\/\/aikido-ychoux.com\/?p=240270"},"modified":"2023-12-24T17:04:54","modified_gmt":"2023-12-24T16:04:54","slug":"passage-de-grade-reussi-pour-nos-jeunes-pratiquantes","status":"publish","type":"post","link":"https:\/\/aikido-ychoux.com\/index.php\/2023\/12\/24\/passage-de-grade-reussi-pour-nos-jeunes-pratiquantes\/","title":{"rendered":"Passage de grade r\u00e9ussi pour nos jeunes pratiquantes !"},"content":{"rendered":"<p>Assiduit\u00e9 et pers\u00e9v\u00e9rance payent toujours !<\/p>\n<p>Nos deux jeunes adh\u00e9rentes ont montr\u00e9 beaucoup de qualit\u00e9 et ont su d\u00e9passer leur stress et faire valoir leurs acquis techniques. Merci \u00e0 Vincent de guider nos ados sur la voie de l\u2019A\u00efkido.<\/p>\n<p>F\u00e9licitation \u00e0 Liloo et Axelle ! Bravo les filles !<\/p>\n","protected":false},"excerpt":{"rendered":"<p>Assiduit\u00e9 et pers\u00e9v\u00e9rance payent toujours ! Nos deux jeunes adh\u00e9rentes ont montr\u00e9 beaucoup de qualit\u00e9 et ont su d\u00e9passer leur stress et faire valoir leurs acquis techniques. Merci \u00e0 Vincent de guider nos ados sur la voie de l\u2019A\u00efkido. F\u00e9licitation \u00e0 Liloo et Axelle ! Bravo les filles !<\/p>\n","protected":false},"author":6,"featured_media":240271,"comment_status":"closed","ping_status":"closed","sticky":false,"template":"","format":"standard","meta":{"footnotes":""},"categories":[1],"tags":[],"class_list":["post-240270","post","type-post","status-publish","format-standard","has-post-thumbnail","hentry","category-non-classe"],"yoast_head":"<!-- This site is optimized with the Yoast SEO plugin v27.5 - https:\/\/yoast.com\/product\/yoast-seo-wordpress\/ -->\n<title>Passage de grade r\u00e9ussi pour nos jeunes pratiquantes ! - A\u00efkido Ychoux<\/title>\n<meta name=\"robots\" content=\"index, follow, max-snippet:-1, max-image-preview:large, max-video-preview:-1\" \/>\n<link rel=\"canonical\" href=\"https:\/\/aikido-ychoux.com\/index.php\/2023\/12\/24\/passage-de-grade-reussi-pour-nos-jeunes-pratiquantes\/\" \/>\n<meta property=\"og:locale\" content=\"fr_FR\" \/>\n<meta property=\"og:type\" content=\"article\" \/>\n<meta property=\"og:title\" content=\"Passage de grade r\u00e9ussi pour nos jeunes pratiquantes ! - A\u00efkido Ychoux\" \/>\n<meta property=\"og:description\" content=\"Assiduit\u00e9 et pers\u00e9v\u00e9rance payent toujours ! Nos deux jeunes adh\u00e9rentes ont montr\u00e9 beaucoup de qualit\u00e9 et ont su d\u00e9passer leur stress et faire valoir leurs acquis techniques. Merci \u00e0 Vincent de guider nos ados sur la voie de l\u2019A\u00efkido. F\u00e9licitation \u00e0 Liloo et Axelle ! Bravo les filles !\" \/>\n<meta property=\"og:url\" content=\"https:\/\/aikido-ychoux.com\/index.php\/2023\/12\/24\/passage-de-grade-reussi-pour-nos-jeunes-pratiquantes\/\" \/>\n<meta property=\"og:site_name\" content=\"A\u00efkido Ychoux\" \/>\n<meta property=\"article:publisher\" content=\"https:\/\/www.facebook.com\/budoclubychoux\/\" \/>\n<meta property=\"article:published_time\" content=\"2023-12-24T16:03:45+00:00\" \/>\n<meta property=\"article:modified_time\" content=\"2023-12-24T16:04:54+00:00\" \/>\n<meta property=\"og:image\" content=\"https:\/\/aikido-ychoux.com\/wp-content\/uploads\/2023\/12\/signal-2023-12-20-195442_003.jpeg\" \/>\n\t<meta property=\"og:image:width\" content=\"2048\" \/>\n\t<meta property=\"og:image:height\" content=\"1536\" \/>\n\t<meta property=\"og:image:type\" content=\"image\/jpeg\" \/>\n<meta name=\"author\" content=\"L&#039;\u00e9quipe enseignante\" \/>\n<meta name=\"twitter:card\" content=\"summary_large_image\" \/>\n<meta name=\"twitter:label1\" content=\"\u00c9crit par\" \/>\n\t<meta name=\"twitter:data1\" content=\"L&#039;\u00e9quipe enseignante\" \/>\n\t<meta name=\"twitter:label2\" content=\"Dur\u00e9e de lecture estim\u00e9e\" \/>\n\t<meta name=\"twitter:data2\" content=\"1 minute\" \/>\n<script type=\"application\/ld+json\" class=\"yoast-schema-graph\">{\"@context\":\"https:\\\/\\\/schema.org\",\"@graph\":[{\"@type\":\"Article\",\"@id\":\"https:\\\/\\\/aikido-ychoux.com\\\/index.php\\\/2023\\\/12\\\/24\\\/passage-de-grade-reussi-pour-nos-jeunes-pratiquantes\\\/#article\",\"isPartOf\":{\"@id\":\"https:\\\/\\\/aikido-ychoux.com\\\/index.php\\\/2023\\\/12\\\/24\\\/passage-de-grade-reussi-pour-nos-jeunes-pratiquantes\\\/\"},\"author\":{\"name\":\"L'\u00e9quipe enseignante\",\"@id\":\"https:\\\/\\\/aikido-ychoux.com\\\/#\\\/schema\\\/person\\\/37735b1e1cb02cd40944100f711941ba\"},\"headline\":\"Passage de grade r\u00e9ussi pour nos jeunes pratiquantes !\",\"datePublished\":\"2023-12-24T16:03:45+00:00\",\"dateModified\":\"2023-12-24T16:04:54+00:00\",\"mainEntityOfPage\":{\"@id\":\"https:\\\/\\\/aikido-ychoux.com\\\/index.php\\\/2023\\\/12\\\/24\\\/passage-de-grade-reussi-pour-nos-jeunes-pratiquantes\\\/\"},\"wordCount\":60,\"publisher\":{\"@id\":\"https:\\\/\\\/aikido-ychoux.com\\\/#organization\"},\"image\":{\"@id\":\"https:\\\/\\\/aikido-ychoux.com\\\/index.php\\\/2023\\\/12\\\/24\\\/passage-de-grade-reussi-pour-nos-jeunes-pratiquantes\\\/#primaryimage\"},\"thumbnailUrl\":\"https:\\\/\\\/aikido-ychoux.com\\\/wp-content\\\/uploads\\\/2023\\\/12\\\/signal-2023-12-20-195442_003.jpeg\",\"inLanguage\":\"fr-FR\"},{\"@type\":\"WebPage\",\"@id\":\"https:\\\/\\\/aikido-ychoux.com\\\/index.php\\\/2023\\\/12\\\/24\\\/passage-de-grade-reussi-pour-nos-jeunes-pratiquantes\\\/\",\"url\":\"https:\\\/\\\/aikido-ychoux.com\\\/index.php\\\/2023\\\/12\\\/24\\\/passage-de-grade-reussi-pour-nos-jeunes-pratiquantes\\\/\",\"name\":\"Passage de grade r\u00e9ussi pour nos jeunes pratiquantes ! - A\u00efkido Ychoux\",\"isPartOf\":{\"@id\":\"https:\\\/\\\/aikido-ychoux.com\\\/#website\"},\"primaryImageOfPage\":{\"@id\":\"https:\\\/\\\/aikido-ychoux.com\\\/index.php\\\/2023\\\/12\\\/24\\\/passage-de-grade-reussi-pour-nos-jeunes-pratiquantes\\\/#primaryimage\"},\"image\":{\"@id\":\"https:\\\/\\\/aikido-ychoux.com\\\/index.php\\\/2023\\\/12\\\/24\\\/passage-de-grade-reussi-pour-nos-jeunes-pratiquantes\\\/#primaryimage\"},\"thumbnailUrl\":\"https:\\\/\\\/aikido-ychoux.com\\\/wp-content\\\/uploads\\\/2023\\\/12\\\/signal-2023-12-20-195442_003.jpeg\",\"datePublished\":\"2023-12-24T16:03:45+00:00\",\"dateModified\":\"2023-12-24T16:04:54+00:00\",\"breadcrumb\":{\"@id\":\"https:\\\/\\\/aikido-ychoux.com\\\/index.php\\\/2023\\\/12\\\/24\\\/passage-de-grade-reussi-pour-nos-jeunes-pratiquantes\\\/#breadcrumb\"},\"inLanguage\":\"fr-FR\",\"potentialAction\":[{\"@type\":\"ReadAction\",\"target\":[\"https:\\\/\\\/aikido-ychoux.com\\\/index.php\\\/2023\\\/12\\\/24\\\/passage-de-grade-reussi-pour-nos-jeunes-pratiquantes\\\/\"]}]},{\"@type\":\"ImageObject\",\"inLanguage\":\"fr-FR\",\"@id\":\"https:\\\/\\\/aikido-ychoux.com\\\/index.php\\\/2023\\\/12\\\/24\\\/passage-de-grade-reussi-pour-nos-jeunes-pratiquantes\\\/#primaryimage\",\"url\":\"https:\\\/\\\/aikido-ychoux.com\\\/wp-content\\\/uploads\\\/2023\\\/12\\\/signal-2023-12-20-195442_003.jpeg\",\"contentUrl\":\"https:\\\/\\\/aikido-ychoux.com\\\/wp-content\\\/uploads\\\/2023\\\/12\\\/signal-2023-12-20-195442_003.jpeg\",\"width\":2048,\"height\":1536},{\"@type\":\"BreadcrumbList\",\"@id\":\"https:\\\/\\\/aikido-ychoux.com\\\/index.php\\\/2023\\\/12\\\/24\\\/passage-de-grade-reussi-pour-nos-jeunes-pratiquantes\\\/#breadcrumb\",\"itemListElement\":[{\"@type\":\"ListItem\",\"position\":1,\"name\":\"Accueil\",\"item\":\"https:\\\/\\\/aikido-ychoux.com\\\/\"},{\"@type\":\"ListItem\",\"position\":2,\"name\":\"Passage de grade r\u00e9ussi pour nos jeunes pratiquantes !\"}]},{\"@type\":\"WebSite\",\"@id\":\"https:\\\/\\\/aikido-ychoux.com\\\/#website\",\"url\":\"https:\\\/\\\/aikido-ychoux.com\\\/\",\"name\":\"A\u00efkido Ychoux\",\"description\":\"Le site officiel du club d&#039;A\u00efkido de la ville d&#039;Ychoux\",\"publisher\":{\"@id\":\"https:\\\/\\\/aikido-ychoux.com\\\/#organization\"},\"potentialAction\":[{\"@type\":\"SearchAction\",\"target\":{\"@type\":\"EntryPoint\",\"urlTemplate\":\"https:\\\/\\\/aikido-ychoux.com\\\/?s={search_term_string}\"},\"query-input\":{\"@type\":\"PropertyValueSpecification\",\"valueRequired\":true,\"valueName\":\"search_term_string\"}}],\"inLanguage\":\"fr-FR\"},{\"@type\":\"Organization\",\"@id\":\"https:\\\/\\\/aikido-ychoux.com\\\/#organization\",\"name\":\"Budo Club Ychoussois\",\"url\":\"https:\\\/\\\/aikido-ychoux.com\\\/\",\"logo\":{\"@type\":\"ImageObject\",\"inLanguage\":\"fr-FR\",\"@id\":\"https:\\\/\\\/aikido-ychoux.com\\\/#\\\/schema\\\/logo\\\/image\\\/\",\"url\":\"https:\\\/\\\/aikido-ychoux.com\\\/wp-content\\\/uploads\\\/2017\\\/08\\\/cropped-cercleYchouxCOL.png\",\"contentUrl\":\"https:\\\/\\\/aikido-ychoux.com\\\/wp-content\\\/uploads\\\/2017\\\/08\\\/cropped-cercleYchouxCOL.png\",\"width\":512,\"height\":512,\"caption\":\"Budo Club Ychoussois\"},\"image\":{\"@id\":\"https:\\\/\\\/aikido-ychoux.com\\\/#\\\/schema\\\/logo\\\/image\\\/\"},\"sameAs\":[\"https:\\\/\\\/www.facebook.com\\\/budoclubychoux\\\/\"]},{\"@type\":\"Person\",\"@id\":\"https:\\\/\\\/aikido-ychoux.com\\\/#\\\/schema\\\/person\\\/37735b1e1cb02cd40944100f711941ba\",\"name\":\"L'\u00e9quipe enseignante\",\"image\":{\"@type\":\"ImageObject\",\"inLanguage\":\"fr-FR\",\"@id\":\"https:\\\/\\\/secure.gravatar.com\\\/avatar\\\/fb60c50d3ec4e14e39d70c1f733ee2acf859fdba99fb5e9690782b12e4ee92c8?s=96&d=mm&r=g\",\"url\":\"https:\\\/\\\/secure.gravatar.com\\\/avatar\\\/fb60c50d3ec4e14e39d70c1f733ee2acf859fdba99fb5e9690782b12e4ee92c8?s=96&d=mm&r=g\",\"contentUrl\":\"https:\\\/\\\/secure.gravatar.com\\\/avatar\\\/fb60c50d3ec4e14e39d70c1f733ee2acf859fdba99fb5e9690782b12e4ee92c8?s=96&d=mm&r=g\",\"caption\":\"L'\u00e9quipe enseignante\"},\"url\":\"https:\\\/\\\/aikido-ychoux.com\\\/index.php\\\/author\\\/benbod\\\/\"}]}<\/script>\n<!-- \/ Yoast SEO plugin. -->","yoast_head_json":{"title":"Passage de grade r\u00e9ussi pour nos jeunes pratiquantes ! - A\u00efkido Ychoux","robots":{"index":"index","follow":"follow","max-snippet":"max-snippet:-1","max-image-preview":"max-image-preview:large","max-video-preview":"max-video-preview:-1"},"canonical":"https:\/\/aikido-ychoux.com\/index.php\/2023\/12\/24\/passage-de-grade-reussi-pour-nos-jeunes-pratiquantes\/","og_locale":"fr_FR","og_type":"article","og_title":"Passage de grade r\u00e9ussi pour nos jeunes pratiquantes ! - A\u00efkido Ychoux","og_description":"Assiduit\u00e9 et pers\u00e9v\u00e9rance payent toujours ! Nos deux jeunes adh\u00e9rentes ont montr\u00e9 beaucoup de qualit\u00e9 et ont su d\u00e9passer leur stress et faire valoir leurs acquis techniques. Merci \u00e0 Vincent de guider nos ados sur la voie de l\u2019A\u00efkido. F\u00e9licitation \u00e0 Liloo et Axelle ! Bravo les filles !","og_url":"https:\/\/aikido-ychoux.com\/index.php\/2023\/12\/24\/passage-de-grade-reussi-pour-nos-jeunes-pratiquantes\/","og_site_name":"A\u00efkido Ychoux","article_publisher":"https:\/\/www.facebook.com\/budoclubychoux\/","article_published_time":"2023-12-24T16:03:45+00:00","article_modified_time":"2023-12-24T16:04:54+00:00","og_image":[{"width":2048,"height":1536,"url":"https:\/\/aikido-ychoux.com\/wp-content\/uploads\/2023\/12\/signal-2023-12-20-195442_003.jpeg","type":"image\/jpeg"}],"author":"L'\u00e9quipe enseignante","twitter_card":"summary_large_image","twitter_misc":{"\u00c9crit par":"L'\u00e9quipe enseignante","Dur\u00e9e de lecture estim\u00e9e":"1 minute"},"schema":{"@context":"https:\/\/schema.org","@graph":[{"@type":"Article","@id":"https:\/\/aikido-ychoux.com\/index.php\/2023\/12\/24\/passage-de-grade-reussi-pour-nos-jeunes-pratiquantes\/#article","isPartOf":{"@id":"https:\/\/aikido-ychoux.com\/index.php\/2023\/12\/24\/passage-de-grade-reussi-pour-nos-jeunes-pratiquantes\/"},"author":{"name":"L'\u00e9quipe enseignante","@id":"https:\/\/aikido-ychoux.com\/#\/schema\/person\/37735b1e1cb02cd40944100f711941ba"},"headline":"Passage de grade r\u00e9ussi pour nos jeunes pratiquantes !","datePublished":"2023-12-24T16:03:45+00:00","dateModified":"2023-12-24T16:04:54+00:00","mainEntityOfPage":{"@id":"https:\/\/aikido-ychoux.com\/index.php\/2023\/12\/24\/passage-de-grade-reussi-pour-nos-jeunes-pratiquantes\/"},"wordCount":60,"publisher":{"@id":"https:\/\/aikido-ychoux.com\/#organization"},"image":{"@id":"https:\/\/aikido-ychoux.com\/index.php\/2023\/12\/24\/passage-de-grade-reussi-pour-nos-jeunes-pratiquantes\/#primaryimage"},"thumbnailUrl":"https:\/\/aikido-ychoux.com\/wp-content\/uploads\/2023\/12\/signal-2023-12-20-195442_003.jpeg","inLanguage":"fr-FR"},{"@type":"WebPage","@id":"https:\/\/aikido-ychoux.com\/index.php\/2023\/12\/24\/passage-de-grade-reussi-pour-nos-jeunes-pratiquantes\/","url":"https:\/\/aikido-ychoux.com\/index.php\/2023\/12\/24\/passage-de-grade-reussi-pour-nos-jeunes-pratiquantes\/","name":"Passage de grade r\u00e9ussi pour nos jeunes pratiquantes ! - A\u00efkido Ychoux","isPartOf":{"@id":"https:\/\/aikido-ychoux.com\/#website"},"primaryImageOfPage":{"@id":"https:\/\/aikido-ychoux.com\/index.php\/2023\/12\/24\/passage-de-grade-reussi-pour-nos-jeunes-pratiquantes\/#primaryimage"},"image":{"@id":"https:\/\/aikido-ychoux.com\/index.php\/2023\/12\/24\/passage-de-grade-reussi-pour-nos-jeunes-pratiquantes\/#primaryimage"},"thumbnailUrl":"https:\/\/aikido-ychoux.com\/wp-content\/uploads\/2023\/12\/signal-2023-12-20-195442_003.jpeg","datePublished":"2023-12-24T16:03:45+00:00","dateModified":"2023-12-24T16:04:54+00:00","breadcrumb":{"@id":"https:\/\/aikido-ychoux.com\/index.php\/2023\/12\/24\/passage-de-grade-reussi-pour-nos-jeunes-pratiquantes\/#breadcrumb"},"inLanguage":"fr-FR","potentialAction":[{"@type":"ReadAction","target":["https:\/\/aikido-ychoux.com\/index.php\/2023\/12\/24\/passage-de-grade-reussi-pour-nos-jeunes-pratiquantes\/"]}]},{"@type":"ImageObject","inLanguage":"fr-FR","@id":"https:\/\/aikido-ychoux.com\/index.php\/2023\/12\/24\/passage-de-grade-reussi-pour-nos-jeunes-pratiquantes\/#primaryimage","url":"https:\/\/aikido-ychoux.com\/wp-content\/uploads\/2023\/12\/signal-2023-12-20-195442_003.jpeg","contentUrl":"https:\/\/aikido-ychoux.com\/wp-content\/uploads\/2023\/12\/signal-2023-12-20-195442_003.jpeg","width":2048,"height":1536},{"@type":"BreadcrumbList","@id":"https:\/\/aikido-ychoux.com\/index.php\/2023\/12\/24\/passage-de-grade-reussi-pour-nos-jeunes-pratiquantes\/#breadcrumb","itemListElement":[{"@type":"ListItem","position":1,"name":"Accueil","item":"https:\/\/aikido-ychoux.com\/"},{"@type":"ListItem","position":2,"name":"Passage de grade r\u00e9ussi pour nos jeunes pratiquantes !"}]},{"@type":"WebSite","@id":"https:\/\/aikido-ychoux.com\/#website","url":"https:\/\/aikido-ychoux.com\/","name":"A\u00efkido Ychoux","description":"Le site officiel du club d&#039;A\u00efkido de la ville d&#039;Ychoux","publisher":{"@id":"https:\/\/aikido-ychoux.com\/#organization"},"potentialAction":[{"@type":"SearchAction","target":{"@type":"EntryPoint","urlTemplate":"https:\/\/aikido-ychoux.com\/?s={search_term_string}"},"query-input":{"@type":"PropertyValueSpecification","valueRequired":true,"valueName":"search_term_string"}}],"inLanguage":"fr-FR"},{"@type":"Organization","@id":"https:\/\/aikido-ychoux.com\/#organization","name":"Budo Club Ychoussois","url":"https:\/\/aikido-ychoux.com\/","logo":{"@type":"ImageObject","inLanguage":"fr-FR","@id":"https:\/\/aikido-ychoux.com\/#\/schema\/logo\/image\/","url":"https:\/\/aikido-ychoux.com\/wp-content\/uploads\/2017\/08\/cropped-cercleYchouxCOL.png","contentUrl":"https:\/\/aikido-ychoux.com\/wp-content\/uploads\/2017\/08\/cropped-cercleYchouxCOL.png","width":512,"height":512,"caption":"Budo Club Ychoussois"},"image":{"@id":"https:\/\/aikido-ychoux.com\/#\/schema\/logo\/image\/"},"sameAs":["https:\/\/www.facebook.com\/budoclubychoux\/"]},{"@type":"Person","@id":"https:\/\/aikido-ychoux.com\/#\/schema\/person\/37735b1e1cb02cd40944100f711941ba","name":"L'\u00e9quipe enseignante","image":{"@type":"ImageObject","inLanguage":"fr-FR","@id":"https:\/\/secure.gravatar.com\/avatar\/fb60c50d3ec4e14e39d70c1f733ee2acf859fdba99fb5e9690782b12e4ee92c8?s=96&d=mm&r=g","url":"https:\/\/secure.gravatar.com\/avatar\/fb60c50d3ec4e14e39d70c1f733ee2acf859fdba99fb5e9690782b12e4ee92c8?s=96&d=mm&r=g","contentUrl":"https:\/\/secure.gravatar.com\/avatar\/fb60c50d3ec4e14e39d70c1f733ee2acf859fdba99fb5e9690782b12e4ee92c8?s=96&d=mm&r=g","caption":"L'\u00e9quipe enseignante"},"url":"https:\/\/aikido-ychoux.com\/index.php\/author\/benbod\/"}]}},"_links":{"self":[{"href":"https:\/\/aikido-ychoux.com\/index.php\/wp-json\/wp\/v2\/posts\/240270","targetHints":{"allow":["GET"]}}],"collection":[{"href":"https:\/\/aikido-ychoux.com\/index.php\/wp-json\/wp\/v2\/posts"}],"about":[{"href":"https:\/\/aikido-ychoux.com\/index.php\/wp-json\/wp\/v2\/types\/post"}],"author":[{"embeddable":true,"href":"https:\/\/aikido-ychoux.com\/index.php\/wp-json\/wp\/v2\/users\/6"}],"replies":[{"embeddable":true,"href":"https:\/\/aikido-ychoux.com\/index.php\/wp-json\/wp\/v2\/comments?post=240270"}],"version-history":[{"count":1,"href":"https:\/\/aikido-ychoux.com\/index.php\/wp-json\/wp\/v2\/posts\/240270\/revisions"}],"predecessor-version":[{"id":240272,"href":"https:\/\/aikido-ychoux.com\/index.php\/wp-json\/wp\/v2\/posts\/240270\/revisions\/240272"}],"wp:featuredmedia":[{"embeddable":true,"href":"https:\/\/aikido-ychoux.com\/index.php\/wp-json\/wp\/v2\/media\/240271"}],"wp:attachment":[{"href":"https:\/\/aikido-ychoux.com\/index.php\/wp-json\/wp\/v2\/media?parent=240270"}],"wp:term":[{"taxonomy":"category","embeddable":true,"href":"https:\/\/aikido-ychoux.com\/index.php\/wp-json\/wp\/v2\/categories?post=240270"},{"taxonomy":"post_tag","embeddable":true,"href":"https:\/\/aikido-ychoux.com\/index.php\/wp-json\/wp\/v2\/tags?post=240270"}],"curies":[{"name":"wp","href":"https:\/\/api.w.org\/{rel}","templated":true}]}}