{"id":240211,"date":"2023-11-20T22:56:07","date_gmt":"2023-11-20T21:56:07","guid":{"rendered":"https:\/\/aikido-ychoux.com\/?p=240211"},"modified":"2024-01-04T11:50:22","modified_gmt":"2024-01-04T10:50:22","slug":"la-mobilite-au-coeur-de-lapprentissage-de-laikido-avec-brahim-si-guesmi","status":"publish","type":"post","link":"https:\/\/aikido-ychoux.com\/index.php\/2023\/11\/20\/la-mobilite-au-coeur-de-lapprentissage-de-laikido-avec-brahim-si-guesmi\/","title":{"rendered":"La mobilit\u00e9 au c\u0153ur de l&rsquo;apprentissage de l\u2019a\u00efkido avec Brahim Si Guesmi."},"content":{"rendered":"<p>Ce week-end, le BudoClub Ychoussois, en partenariat avec la Ligue d&rsquo;A\u00efkido de<br \/>\nNouvelle-Aquitaine, a accueilli un stage \u00e0 destination des enseignants \u00ab Jeunes \u00bb dirig\u00e9<br \/>\npar Brahim Si Guesmi, 6e Dan et membre de la commission \u00ab Jeunes \u00bb de la FFAB.<br \/>\nUne partie d\u00e9di\u00e9e aux enseignants, pr\u00e9c\u00e9dait les deux demies journ\u00e9es consacr\u00e9es aux<br \/>\nenfants.<\/p>\n<p><a href=\"https:\/\/aikido-ychoux.com\/wp-content\/uploads\/2023\/11\/signal-2023-11-19-113709_029.jpeg\" rel=\"attachment wp-att-240214\"><img loading=\"lazy\" decoding=\"async\" class=\"alignleft wp-image-240214 size-medium\" src=\"https:\/\/aikido-ychoux.com\/wp-content\/uploads\/2023\/11\/signal-2023-11-19-113709_029-300x225.jpeg\" alt=\"\" width=\"300\" height=\"225\" \/><\/a><br \/>\nSamedi matin, les enseignants de la ligue d\u00e9couvraient une approche p\u00e9dagogique<br \/>\ndiff\u00e9rente ax\u00e9e sur la mobilit\u00e9 et le d\u00e9placement en exploitant les mouvements naturels et<br \/>\ninstinctifs des jeunes pratiquants.<\/p>\n<p>Plut\u00f4t que de se concentrer uniquement sur la r\u00e9alisation des techniques, le sense\u00ef a<br \/>\nencourag\u00e9 les stagiaires \u00e0 explorer la mani\u00e8re dont les enfants se d\u00e9placent pour mettre<br \/>\nle mouvement au service de celle-ci.<br \/>\nL&rsquo;a\u00efkido doit \u00eatre libre, vivant, rythm\u00e9, et lorsque nous prenons en compte les<br \/>\nmouvements naturels de l\u2019enfant, celui-ci construit de mani\u00e8re inconsciente un \u00e9ventail<br \/>\nde d\u00e9placements qui deviendra \u00e0 terme la base, le support de la technique, r\u00e9sume-t-il.<\/p>\n<p>Samedi apr\u00e8s-midi et dimanche matin, le jeune public rejoignait les stagiaires qui ont ainsi<br \/>\npu assister Brahim Si Guesmi dans la tenue des deux cours d\u00e9di\u00e9s aux enfants.<\/p>\n<p>En tant que p\u00e9dagogue exp\u00e9riment\u00e9, il adapte son enseignement \u00e0 la jeunesse avec une approche accessible et stimulante.<\/p>\n<p><a href=\"https:\/\/aikido-ychoux.com\/wp-content\/uploads\/2023\/11\/signal-2023-11-19-113709_012.jpeg\" rel=\"attachment wp-att-240215\"><img loading=\"lazy\" decoding=\"async\" class=\"alignnone wp-image-240215 size-medium\" src=\"https:\/\/aikido-ychoux.com\/wp-content\/uploads\/2023\/11\/signal-2023-11-19-113709_012-300x225.jpeg\" alt=\"\" width=\"300\" height=\"225\" \/><\/a><\/p>\n<p>Les exercices pratiques utilisant les armes comme le travail \u00e0 mains nues, ont mis<br \/>\nl&rsquo;accent sur des d\u00e9placements fluides et intuitifs, permettant aux enfants de d\u00e9velopper<br \/>\nune compr\u00e9hension organique des mouvements et des chutes, le tout sans<br \/>\nappr\u00e9hension.<br \/>\nAinsi, certains \u00e9l\u00e8ves, bien que d\u00e9butant, ont r\u00e9alis\u00e9 de beaux progr\u00e8s en l\u2019espace de<br \/>\nquelques heures.<br \/>\nPartageant tout au long du stage, anecdotes et exp\u00e9riences personnelles, Brahim Si<br \/>\nGuesmi invite les enseignants \u00e0 \u00eatre \u00e0 l\u2019\u00e9coute de leurs \u00e9l\u00e8ves, \u00e0 ne jamais leur mettre de<br \/>\nlimites. \u00ab Ce sont bien souvent eux qui nous donnent des le\u00e7ons \u00bb ajoute-t-il.<br \/>\nLes parents, t\u00e9moins de cette collaboration, ont exprim\u00e9 leur gratitude envers la Ligue et<br \/>\nle Club. \u00ab\u00a0C&rsquo;est fantastique de voir nos enfants \u00e9voluer dans un environnement o\u00f9 la<br \/>\npassion et l&rsquo;expertise se rejoignent. Merci \u00e0 la Ligue et au Club d&rsquo;Ychoux pour cette<br \/>\nexp\u00e9rience enrichissante\u00a0\u00bb, a d\u00e9clar\u00e9 un parent reconnaissant.<\/p>\n<p>Ce stage d&rsquo;a\u00efkido a d\u00e9montr\u00e9 que l&rsquo;apprentissage peut \u00eatre \u00e0 la fois instructif et ludique.<br \/>\nEn se concentrant sur les mouvements naturels qui respectent les besoins de l\u2019enfant, Si<br \/>\nGuesmi a cr\u00e9\u00e9 une exp\u00e9rience qui restera ancr\u00e9e dans la m\u00e9moire des jeunes a\u00efkidoka.<br \/>\nUne seconde session est pr\u00e9vue, \u00ab Je vais revenir voir comment vous chutez ! \u00bb a-t-il<br \/>\nlanc\u00e9 aux enfants.<br \/>\nRendez-vous les 1er et 2 juin prochains.<\/p>\n","protected":false},"excerpt":{"rendered":"<p>Ce week-end, le BudoClub Ychoussois, en partenariat avec la Ligue d&rsquo;A\u00efkido de Nouvelle-Aquitaine, a accueilli un stage \u00e0 destination des enseignants \u00ab Jeunes \u00bb dirig\u00e9 par Brahim Si Guesmi, 6e Dan et membre de la commission \u00ab Jeunes \u00bb de la FFAB. Une partie d\u00e9di\u00e9e aux enseignants, pr\u00e9c\u00e9dait les deux demies journ\u00e9es consacr\u00e9es aux enfants. [&hellip;]<\/p>\n","protected":false},"author":6,"featured_media":240309,"comment_status":"closed","ping_status":"closed","sticky":false,"template":"","format":"standard","meta":{"footnotes":""},"categories":[145],"tags":[],"class_list":["post-240211","post","type-post","status-publish","format-standard","has-post-thumbnail","hentry","category-news"],"yoast_head":"<!-- This site is optimized with the Yoast SEO plugin v27.5 - https:\/\/yoast.com\/product\/yoast-seo-wordpress\/ -->\n<title>La mobilit\u00e9 au c\u0153ur de l&#039;apprentissage de l\u2019a\u00efkido avec Brahim Si Guesmi. - A\u00efkido Ychoux<\/title>\n<meta name=\"robots\" content=\"index, follow, max-snippet:-1, max-image-preview:large, max-video-preview:-1\" \/>\n<link rel=\"canonical\" href=\"https:\/\/aikido-ychoux.com\/index.php\/2023\/11\/20\/la-mobilite-au-coeur-de-lapprentissage-de-laikido-avec-brahim-si-guesmi\/\" \/>\n<meta property=\"og:locale\" content=\"fr_FR\" \/>\n<meta property=\"og:type\" content=\"article\" \/>\n<meta property=\"og:title\" content=\"La mobilit\u00e9 au c\u0153ur de l&#039;apprentissage de l\u2019a\u00efkido avec Brahim Si Guesmi. - A\u00efkido Ychoux\" \/>\n<meta property=\"og:description\" content=\"Ce week-end, le BudoClub Ychoussois, en partenariat avec la Ligue d&rsquo;A\u00efkido de Nouvelle-Aquitaine, a accueilli un stage \u00e0 destination des enseignants \u00ab Jeunes \u00bb dirig\u00e9 par Brahim Si Guesmi, 6e Dan et membre de la commission \u00ab Jeunes \u00bb de la FFAB. Une partie d\u00e9di\u00e9e aux enseignants, pr\u00e9c\u00e9dait les deux demies journ\u00e9es consacr\u00e9es aux enfants. [&hellip;]\" \/>\n<meta property=\"og:url\" content=\"https:\/\/aikido-ychoux.com\/index.php\/2023\/11\/20\/la-mobilite-au-coeur-de-lapprentissage-de-laikido-avec-brahim-si-guesmi\/\" \/>\n<meta property=\"og:site_name\" content=\"A\u00efkido Ychoux\" \/>\n<meta property=\"article:publisher\" content=\"https:\/\/www.facebook.com\/budoclubychoux\/\" \/>\n<meta property=\"article:published_time\" content=\"2023-11-20T21:56:07+00:00\" \/>\n<meta property=\"article:modified_time\" content=\"2024-01-04T10:50:22+00:00\" \/>\n<meta property=\"og:image\" content=\"https:\/\/aikido-ychoux.com\/wp-content\/uploads\/2024\/01\/signal-2023-11-18-164205_008.jpg\" \/>\n\t<meta property=\"og:image:width\" content=\"1024\" \/>\n\t<meta property=\"og:image:height\" content=\"768\" \/>\n\t<meta property=\"og:image:type\" content=\"image\/jpeg\" \/>\n<meta name=\"author\" content=\"L&#039;\u00e9quipe enseignante\" \/>\n<meta name=\"twitter:card\" content=\"summary_large_image\" \/>\n<meta name=\"twitter:label1\" content=\"\u00c9crit par\" \/>\n\t<meta name=\"twitter:data1\" content=\"L&#039;\u00e9quipe enseignante\" \/>\n\t<meta name=\"twitter:label2\" content=\"Dur\u00e9e de lecture estim\u00e9e\" \/>\n\t<meta name=\"twitter:data2\" content=\"3 minutes\" \/>\n<script type=\"application\/ld+json\" class=\"yoast-schema-graph\">{\"@context\":\"https:\\\/\\\/schema.org\",\"@graph\":[{\"@type\":\"Article\",\"@id\":\"https:\\\/\\\/aikido-ychoux.com\\\/index.php\\\/2023\\\/11\\\/20\\\/la-mobilite-au-coeur-de-lapprentissage-de-laikido-avec-brahim-si-guesmi\\\/#article\",\"isPartOf\":{\"@id\":\"https:\\\/\\\/aikido-ychoux.com\\\/index.php\\\/2023\\\/11\\\/20\\\/la-mobilite-au-coeur-de-lapprentissage-de-laikido-avec-brahim-si-guesmi\\\/\"},\"author\":{\"name\":\"L'\u00e9quipe enseignante\",\"@id\":\"https:\\\/\\\/aikido-ychoux.com\\\/#\\\/schema\\\/person\\\/37735b1e1cb02cd40944100f711941ba\"},\"headline\":\"La mobilit\u00e9 au c\u0153ur de l&rsquo;apprentissage de l\u2019a\u00efkido avec Brahim Si Guesmi.\",\"datePublished\":\"2023-11-20T21:56:07+00:00\",\"dateModified\":\"2024-01-04T10:50:22+00:00\",\"mainEntityOfPage\":{\"@id\":\"https:\\\/\\\/aikido-ychoux.com\\\/index.php\\\/2023\\\/11\\\/20\\\/la-mobilite-au-coeur-de-lapprentissage-de-laikido-avec-brahim-si-guesmi\\\/\"},\"wordCount\":472,\"publisher\":{\"@id\":\"https:\\\/\\\/aikido-ychoux.com\\\/#organization\"},\"image\":{\"@id\":\"https:\\\/\\\/aikido-ychoux.com\\\/index.php\\\/2023\\\/11\\\/20\\\/la-mobilite-au-coeur-de-lapprentissage-de-laikido-avec-brahim-si-guesmi\\\/#primaryimage\"},\"thumbnailUrl\":\"https:\\\/\\\/aikido-ychoux.com\\\/wp-content\\\/uploads\\\/2024\\\/01\\\/signal-2023-11-18-164205_008.jpg\",\"articleSection\":[\"news\"],\"inLanguage\":\"fr-FR\"},{\"@type\":\"WebPage\",\"@id\":\"https:\\\/\\\/aikido-ychoux.com\\\/index.php\\\/2023\\\/11\\\/20\\\/la-mobilite-au-coeur-de-lapprentissage-de-laikido-avec-brahim-si-guesmi\\\/\",\"url\":\"https:\\\/\\\/aikido-ychoux.com\\\/index.php\\\/2023\\\/11\\\/20\\\/la-mobilite-au-coeur-de-lapprentissage-de-laikido-avec-brahim-si-guesmi\\\/\",\"name\":\"La mobilit\u00e9 au c\u0153ur de l'apprentissage de l\u2019a\u00efkido avec Brahim Si Guesmi. - A\u00efkido Ychoux\",\"isPartOf\":{\"@id\":\"https:\\\/\\\/aikido-ychoux.com\\\/#website\"},\"primaryImageOfPage\":{\"@id\":\"https:\\\/\\\/aikido-ychoux.com\\\/index.php\\\/2023\\\/11\\\/20\\\/la-mobilite-au-coeur-de-lapprentissage-de-laikido-avec-brahim-si-guesmi\\\/#primaryimage\"},\"image\":{\"@id\":\"https:\\\/\\\/aikido-ychoux.com\\\/index.php\\\/2023\\\/11\\\/20\\\/la-mobilite-au-coeur-de-lapprentissage-de-laikido-avec-brahim-si-guesmi\\\/#primaryimage\"},\"thumbnailUrl\":\"https:\\\/\\\/aikido-ychoux.com\\\/wp-content\\\/uploads\\\/2024\\\/01\\\/signal-2023-11-18-164205_008.jpg\",\"datePublished\":\"2023-11-20T21:56:07+00:00\",\"dateModified\":\"2024-01-04T10:50:22+00:00\",\"breadcrumb\":{\"@id\":\"https:\\\/\\\/aikido-ychoux.com\\\/index.php\\\/2023\\\/11\\\/20\\\/la-mobilite-au-coeur-de-lapprentissage-de-laikido-avec-brahim-si-guesmi\\\/#breadcrumb\"},\"inLanguage\":\"fr-FR\",\"potentialAction\":[{\"@type\":\"ReadAction\",\"target\":[\"https:\\\/\\\/aikido-ychoux.com\\\/index.php\\\/2023\\\/11\\\/20\\\/la-mobilite-au-coeur-de-lapprentissage-de-laikido-avec-brahim-si-guesmi\\\/\"]}]},{\"@type\":\"ImageObject\",\"inLanguage\":\"fr-FR\",\"@id\":\"https:\\\/\\\/aikido-ychoux.com\\\/index.php\\\/2023\\\/11\\\/20\\\/la-mobilite-au-coeur-de-lapprentissage-de-laikido-avec-brahim-si-guesmi\\\/#primaryimage\",\"url\":\"https:\\\/\\\/aikido-ychoux.com\\\/wp-content\\\/uploads\\\/2024\\\/01\\\/signal-2023-11-18-164205_008.jpg\",\"contentUrl\":\"https:\\\/\\\/aikido-ychoux.com\\\/wp-content\\\/uploads\\\/2024\\\/01\\\/signal-2023-11-18-164205_008.jpg\",\"width\":1024,\"height\":768},{\"@type\":\"BreadcrumbList\",\"@id\":\"https:\\\/\\\/aikido-ychoux.com\\\/index.php\\\/2023\\\/11\\\/20\\\/la-mobilite-au-coeur-de-lapprentissage-de-laikido-avec-brahim-si-guesmi\\\/#breadcrumb\",\"itemListElement\":[{\"@type\":\"ListItem\",\"position\":1,\"name\":\"Accueil\",\"item\":\"https:\\\/\\\/aikido-ychoux.com\\\/\"},{\"@type\":\"ListItem\",\"position\":2,\"name\":\"La mobilit\u00e9 au c\u0153ur de l&#8217;apprentissage de l\u2019a\u00efkido avec Brahim Si Guesmi.\"}]},{\"@type\":\"WebSite\",\"@id\":\"https:\\\/\\\/aikido-ychoux.com\\\/#website\",\"url\":\"https:\\\/\\\/aikido-ychoux.com\\\/\",\"name\":\"A\u00efkido Ychoux\",\"description\":\"Le site officiel du club d&#039;A\u00efkido de la ville d&#039;Ychoux\",\"publisher\":{\"@id\":\"https:\\\/\\\/aikido-ychoux.com\\\/#organization\"},\"potentialAction\":[{\"@type\":\"SearchAction\",\"target\":{\"@type\":\"EntryPoint\",\"urlTemplate\":\"https:\\\/\\\/aikido-ychoux.com\\\/?s={search_term_string}\"},\"query-input\":{\"@type\":\"PropertyValueSpecification\",\"valueRequired\":true,\"valueName\":\"search_term_string\"}}],\"inLanguage\":\"fr-FR\"},{\"@type\":\"Organization\",\"@id\":\"https:\\\/\\\/aikido-ychoux.com\\\/#organization\",\"name\":\"Budo Club Ychoussois\",\"url\":\"https:\\\/\\\/aikido-ychoux.com\\\/\",\"logo\":{\"@type\":\"ImageObject\",\"inLanguage\":\"fr-FR\",\"@id\":\"https:\\\/\\\/aikido-ychoux.com\\\/#\\\/schema\\\/logo\\\/image\\\/\",\"url\":\"https:\\\/\\\/aikido-ychoux.com\\\/wp-content\\\/uploads\\\/2017\\\/08\\\/cropped-cercleYchouxCOL.png\",\"contentUrl\":\"https:\\\/\\\/aikido-ychoux.com\\\/wp-content\\\/uploads\\\/2017\\\/08\\\/cropped-cercleYchouxCOL.png\",\"width\":512,\"height\":512,\"caption\":\"Budo Club Ychoussois\"},\"image\":{\"@id\":\"https:\\\/\\\/aikido-ychoux.com\\\/#\\\/schema\\\/logo\\\/image\\\/\"},\"sameAs\":[\"https:\\\/\\\/www.facebook.com\\\/budoclubychoux\\\/\"]},{\"@type\":\"Person\",\"@id\":\"https:\\\/\\\/aikido-ychoux.com\\\/#\\\/schema\\\/person\\\/37735b1e1cb02cd40944100f711941ba\",\"name\":\"L'\u00e9quipe enseignante\",\"image\":{\"@type\":\"ImageObject\",\"inLanguage\":\"fr-FR\",\"@id\":\"https:\\\/\\\/secure.gravatar.com\\\/avatar\\\/fb60c50d3ec4e14e39d70c1f733ee2acf859fdba99fb5e9690782b12e4ee92c8?s=96&d=mm&r=g\",\"url\":\"https:\\\/\\\/secure.gravatar.com\\\/avatar\\\/fb60c50d3ec4e14e39d70c1f733ee2acf859fdba99fb5e9690782b12e4ee92c8?s=96&d=mm&r=g\",\"contentUrl\":\"https:\\\/\\\/secure.gravatar.com\\\/avatar\\\/fb60c50d3ec4e14e39d70c1f733ee2acf859fdba99fb5e9690782b12e4ee92c8?s=96&d=mm&r=g\",\"caption\":\"L'\u00e9quipe enseignante\"},\"url\":\"https:\\\/\\\/aikido-ychoux.com\\\/index.php\\\/author\\\/benbod\\\/\"}]}<\/script>\n<!-- \/ Yoast SEO plugin. -->","yoast_head_json":{"title":"La mobilit\u00e9 au c\u0153ur de l'apprentissage de l\u2019a\u00efkido avec Brahim Si Guesmi. - A\u00efkido Ychoux","robots":{"index":"index","follow":"follow","max-snippet":"max-snippet:-1","max-image-preview":"max-image-preview:large","max-video-preview":"max-video-preview:-1"},"canonical":"https:\/\/aikido-ychoux.com\/index.php\/2023\/11\/20\/la-mobilite-au-coeur-de-lapprentissage-de-laikido-avec-brahim-si-guesmi\/","og_locale":"fr_FR","og_type":"article","og_title":"La mobilit\u00e9 au c\u0153ur de l'apprentissage de l\u2019a\u00efkido avec Brahim Si Guesmi. - A\u00efkido Ychoux","og_description":"Ce week-end, le BudoClub Ychoussois, en partenariat avec la Ligue d&rsquo;A\u00efkido de Nouvelle-Aquitaine, a accueilli un stage \u00e0 destination des enseignants \u00ab Jeunes \u00bb dirig\u00e9 par Brahim Si Guesmi, 6e Dan et membre de la commission \u00ab Jeunes \u00bb de la FFAB. Une partie d\u00e9di\u00e9e aux enseignants, pr\u00e9c\u00e9dait les deux demies journ\u00e9es consacr\u00e9es aux enfants. [&hellip;]","og_url":"https:\/\/aikido-ychoux.com\/index.php\/2023\/11\/20\/la-mobilite-au-coeur-de-lapprentissage-de-laikido-avec-brahim-si-guesmi\/","og_site_name":"A\u00efkido Ychoux","article_publisher":"https:\/\/www.facebook.com\/budoclubychoux\/","article_published_time":"2023-11-20T21:56:07+00:00","article_modified_time":"2024-01-04T10:50:22+00:00","og_image":[{"width":1024,"height":768,"url":"https:\/\/aikido-ychoux.com\/wp-content\/uploads\/2024\/01\/signal-2023-11-18-164205_008.jpg","type":"image\/jpeg"}],"author":"L'\u00e9quipe enseignante","twitter_card":"summary_large_image","twitter_misc":{"\u00c9crit par":"L'\u00e9quipe enseignante","Dur\u00e9e de lecture estim\u00e9e":"3 minutes"},"schema":{"@context":"https:\/\/schema.org","@graph":[{"@type":"Article","@id":"https:\/\/aikido-ychoux.com\/index.php\/2023\/11\/20\/la-mobilite-au-coeur-de-lapprentissage-de-laikido-avec-brahim-si-guesmi\/#article","isPartOf":{"@id":"https:\/\/aikido-ychoux.com\/index.php\/2023\/11\/20\/la-mobilite-au-coeur-de-lapprentissage-de-laikido-avec-brahim-si-guesmi\/"},"author":{"name":"L'\u00e9quipe enseignante","@id":"https:\/\/aikido-ychoux.com\/#\/schema\/person\/37735b1e1cb02cd40944100f711941ba"},"headline":"La mobilit\u00e9 au c\u0153ur de l&rsquo;apprentissage de l\u2019a\u00efkido avec Brahim Si Guesmi.","datePublished":"2023-11-20T21:56:07+00:00","dateModified":"2024-01-04T10:50:22+00:00","mainEntityOfPage":{"@id":"https:\/\/aikido-ychoux.com\/index.php\/2023\/11\/20\/la-mobilite-au-coeur-de-lapprentissage-de-laikido-avec-brahim-si-guesmi\/"},"wordCount":472,"publisher":{"@id":"https:\/\/aikido-ychoux.com\/#organization"},"image":{"@id":"https:\/\/aikido-ychoux.com\/index.php\/2023\/11\/20\/la-mobilite-au-coeur-de-lapprentissage-de-laikido-avec-brahim-si-guesmi\/#primaryimage"},"thumbnailUrl":"https:\/\/aikido-ychoux.com\/wp-content\/uploads\/2024\/01\/signal-2023-11-18-164205_008.jpg","articleSection":["news"],"inLanguage":"fr-FR"},{"@type":"WebPage","@id":"https:\/\/aikido-ychoux.com\/index.php\/2023\/11\/20\/la-mobilite-au-coeur-de-lapprentissage-de-laikido-avec-brahim-si-guesmi\/","url":"https:\/\/aikido-ychoux.com\/index.php\/2023\/11\/20\/la-mobilite-au-coeur-de-lapprentissage-de-laikido-avec-brahim-si-guesmi\/","name":"La mobilit\u00e9 au c\u0153ur de l'apprentissage de l\u2019a\u00efkido avec Brahim Si Guesmi. - A\u00efkido Ychoux","isPartOf":{"@id":"https:\/\/aikido-ychoux.com\/#website"},"primaryImageOfPage":{"@id":"https:\/\/aikido-ychoux.com\/index.php\/2023\/11\/20\/la-mobilite-au-coeur-de-lapprentissage-de-laikido-avec-brahim-si-guesmi\/#primaryimage"},"image":{"@id":"https:\/\/aikido-ychoux.com\/index.php\/2023\/11\/20\/la-mobilite-au-coeur-de-lapprentissage-de-laikido-avec-brahim-si-guesmi\/#primaryimage"},"thumbnailUrl":"https:\/\/aikido-ychoux.com\/wp-content\/uploads\/2024\/01\/signal-2023-11-18-164205_008.jpg","datePublished":"2023-11-20T21:56:07+00:00","dateModified":"2024-01-04T10:50:22+00:00","breadcrumb":{"@id":"https:\/\/aikido-ychoux.com\/index.php\/2023\/11\/20\/la-mobilite-au-coeur-de-lapprentissage-de-laikido-avec-brahim-si-guesmi\/#breadcrumb"},"inLanguage":"fr-FR","potentialAction":[{"@type":"ReadAction","target":["https:\/\/aikido-ychoux.com\/index.php\/2023\/11\/20\/la-mobilite-au-coeur-de-lapprentissage-de-laikido-avec-brahim-si-guesmi\/"]}]},{"@type":"ImageObject","inLanguage":"fr-FR","@id":"https:\/\/aikido-ychoux.com\/index.php\/2023\/11\/20\/la-mobilite-au-coeur-de-lapprentissage-de-laikido-avec-brahim-si-guesmi\/#primaryimage","url":"https:\/\/aikido-ychoux.com\/wp-content\/uploads\/2024\/01\/signal-2023-11-18-164205_008.jpg","contentUrl":"https:\/\/aikido-ychoux.com\/wp-content\/uploads\/2024\/01\/signal-2023-11-18-164205_008.jpg","width":1024,"height":768},{"@type":"BreadcrumbList","@id":"https:\/\/aikido-ychoux.com\/index.php\/2023\/11\/20\/la-mobilite-au-coeur-de-lapprentissage-de-laikido-avec-brahim-si-guesmi\/#breadcrumb","itemListElement":[{"@type":"ListItem","position":1,"name":"Accueil","item":"https:\/\/aikido-ychoux.com\/"},{"@type":"ListItem","position":2,"name":"La mobilit\u00e9 au c\u0153ur de l&#8217;apprentissage de l\u2019a\u00efkido avec Brahim Si Guesmi."}]},{"@type":"WebSite","@id":"https:\/\/aikido-ychoux.com\/#website","url":"https:\/\/aikido-ychoux.com\/","name":"A\u00efkido Ychoux","description":"Le site officiel du club d&#039;A\u00efkido de la ville d&#039;Ychoux","publisher":{"@id":"https:\/\/aikido-ychoux.com\/#organization"},"potentialAction":[{"@type":"SearchAction","target":{"@type":"EntryPoint","urlTemplate":"https:\/\/aikido-ychoux.com\/?s={search_term_string}"},"query-input":{"@type":"PropertyValueSpecification","valueRequired":true,"valueName":"search_term_string"}}],"inLanguage":"fr-FR"},{"@type":"Organization","@id":"https:\/\/aikido-ychoux.com\/#organization","name":"Budo Club Ychoussois","url":"https:\/\/aikido-ychoux.com\/","logo":{"@type":"ImageObject","inLanguage":"fr-FR","@id":"https:\/\/aikido-ychoux.com\/#\/schema\/logo\/image\/","url":"https:\/\/aikido-ychoux.com\/wp-content\/uploads\/2017\/08\/cropped-cercleYchouxCOL.png","contentUrl":"https:\/\/aikido-ychoux.com\/wp-content\/uploads\/2017\/08\/cropped-cercleYchouxCOL.png","width":512,"height":512,"caption":"Budo Club Ychoussois"},"image":{"@id":"https:\/\/aikido-ychoux.com\/#\/schema\/logo\/image\/"},"sameAs":["https:\/\/www.facebook.com\/budoclubychoux\/"]},{"@type":"Person","@id":"https:\/\/aikido-ychoux.com\/#\/schema\/person\/37735b1e1cb02cd40944100f711941ba","name":"L'\u00e9quipe enseignante","image":{"@type":"ImageObject","inLanguage":"fr-FR","@id":"https:\/\/secure.gravatar.com\/avatar\/fb60c50d3ec4e14e39d70c1f733ee2acf859fdba99fb5e9690782b12e4ee92c8?s=96&d=mm&r=g","url":"https:\/\/secure.gravatar.com\/avatar\/fb60c50d3ec4e14e39d70c1f733ee2acf859fdba99fb5e9690782b12e4ee92c8?s=96&d=mm&r=g","contentUrl":"https:\/\/secure.gravatar.com\/avatar\/fb60c50d3ec4e14e39d70c1f733ee2acf859fdba99fb5e9690782b12e4ee92c8?s=96&d=mm&r=g","caption":"L'\u00e9quipe enseignante"},"url":"https:\/\/aikido-ychoux.com\/index.php\/author\/benbod\/"}]}},"_links":{"self":[{"href":"https:\/\/aikido-ychoux.com\/index.php\/wp-json\/wp\/v2\/posts\/240211","targetHints":{"allow":["GET"]}}],"collection":[{"href":"https:\/\/aikido-ychoux.com\/index.php\/wp-json\/wp\/v2\/posts"}],"about":[{"href":"https:\/\/aikido-ychoux.com\/index.php\/wp-json\/wp\/v2\/types\/post"}],"author":[{"embeddable":true,"href":"https:\/\/aikido-ychoux.com\/index.php\/wp-json\/wp\/v2\/users\/6"}],"replies":[{"embeddable":true,"href":"https:\/\/aikido-ychoux.com\/index.php\/wp-json\/wp\/v2\/comments?post=240211"}],"version-history":[{"count":6,"href":"https:\/\/aikido-ychoux.com\/index.php\/wp-json\/wp\/v2\/posts\/240211\/revisions"}],"predecessor-version":[{"id":240222,"href":"https:\/\/aikido-ychoux.com\/index.php\/wp-json\/wp\/v2\/posts\/240211\/revisions\/240222"}],"wp:featuredmedia":[{"embeddable":true,"href":"https:\/\/aikido-ychoux.com\/index.php\/wp-json\/wp\/v2\/media\/240309"}],"wp:attachment":[{"href":"https:\/\/aikido-ychoux.com\/index.php\/wp-json\/wp\/v2\/media?parent=240211"}],"wp:term":[{"taxonomy":"category","embeddable":true,"href":"https:\/\/aikido-ychoux.com\/index.php\/wp-json\/wp\/v2\/categories?post=240211"},{"taxonomy":"post_tag","embeddable":true,"href":"https:\/\/aikido-ychoux.com\/index.php\/wp-json\/wp\/v2\/tags?post=240211"}],"curies":[{"name":"wp","href":"https:\/\/api.w.org\/{rel}","templated":true}]}}